{"id":7233,"date":"2026-02-24T10:21:33","date_gmt":"2026-02-24T13:21:33","guid":{"rendered":"https:\/\/elpueblonoticia.com.ar\/web\/?p=7233"},"modified":"2026-02-24T10:21:33","modified_gmt":"2026-02-24T13:21:33","slug":"entrega-de-modulos-alimentarios-en-goya","status":"publish","type":"post","link":"https:\/\/elpueblonoticia.com.ar\/web\/2026\/02\/24\/entrega-de-modulos-alimentarios-en-goya\/","title":{"rendered":"Entrega de m\u00f3dulos alimentarios en Goya"},"content":{"rendered":"<div id=\"modalIntrotext\">\n<div>La Delegaci\u00f3n Goya del Ministerio de Desarrollo Social informa que desde este martes 24 de febrero hasta el 6 de marzo de 2026 de 8 a 12 hs, se realizar\u00e1 la entrega de M\u00f3dulos Alimentarios a los beneficiarios de los distintos barrios de nuestra ciudad.<\/div>\n<div><\/div>\n<div><\/div>\n<div>\n<div class=\"contenido\">\n<div id=\"modalFulltext\">Cada jornada corresponde a barrios espec\u00edficos (ver detalle en el flyer).<\/p>\n<p>En algunos barrios, se llevar\u00e1n los m\u00f3dulos, c\u00f3mo se hace de manera habitual, y en otros lo podr\u00e1n retirar en la Delegaci\u00f3n.<\/p>\n<p>Record\u00e1 presentarte con tu DNI.<\/p>\n<p>Acompa\u00f1amos a cada familia con compromiso y cercan\u00eda, trabajando para que la asistencia llegue a quienes m\u00e1s lo necesitan.<\/p>\n<p>Compart\u00ed esta informaci\u00f3n para que llegue a todos los vecinos.<\/p>\n<p>CRONOGRAMA M\u00d3DULOS ALIMENTARIOS<\/p>\n<p>ENTREGA DEL 24 DE FEBRERO HASTA EL 6 DE MARZO \u2013 PRESENTARSE CON DNI.<\/p>\n<p>\u00b7 MARTES 24: CGT, YAPEY\u00da, VIRGEN DE LOURDES, MAURICIO VALENZUELA, SARGENTO CABRAL, 99 VIV, VIRGEN DEL ROSARIO, JARDIN, BICENTENARIO, LA ROTONDA, COLONIA LOZA, FRANCISCO PALAU, INMACULADA CONCEPCI\u00d3N, SAN CAYETANO, SANTA RITA, PLACIDO MARTINEZ, CENTRO, 9 DE JULIO Y SANTA ANA.<\/p>\n<p>\u00b7 MI\u00c9RCOLES 25: SANTA CLARA, RINCON DE GOMEZ (SE LLEVA), COQUI CORREA, INDEPENDENCIA, ITATI, MEDALLA MILAGROSA, SANTA ROSA DE LIMA, SANTIAGO DE LA HOZ, RESURRECCI\u00d3N, MATEO MARINCOVICH, ESTRELLA DEL SUR, PANDO Y 63 VIV.<\/p>\n<p>\u00b7 JUEVES 26: 100 VIV., VIRGEN DE LUJ\u00c1N, 25 DE MAYO, 70 VIV., 96 VIV., 160 VIV., ALBERDI, BELGRANO, SAN FRANCISCO DE ASIS, LAS GOLONDRINAS, \u00d1ANDEROGA, \u00d1APIND\u00c1, SAGRADO CORAZON DE JESUS Y VITAL.<\/p>\n<p>\u00b7 VIERNES 27: DEVOTO, DEVOTO NUEVO, PARAJE SOLEDAD (SE LLEVA), FRANCISCO I, MATADERO, AEROCLUB, SANTA LUC\u00cdA Y JUAN XXIII.<\/p>\n<p>\u00b7 LUNES 2: SAN RAM\u00d3N.<\/p>\n<p>\u00b7 MARTES 3: ARCO IRIS, SARMIENTO.<\/p>\n<p>\u00b7 MI\u00c9RCOLES 4: AEROPUERTO, REMANSO (SE LLEVA), 1 DE MAYO, COEMBOTA, LAGUNA BOSCO, MARIANO MORENO, SCOFANO Y G\u00dcEMES.<\/p>\n<p>\u00b7 JUEVES 5: LA BOCA (EX CHACAL), ESPERANZA.<\/p>\n<p>\u00b7 VIERNES 6: PUERTO BOCA, SANTA CATALINA (SE LLEVA).<\/p>\n<p>Direcci\u00f3n de Prensa \u2013 Municipalidad de Goya.<\/p><\/div>\n<div>\n<div id=\"117986-4\"><\/div>\n<div id=\"117986-6\"><\/div>\n<div id=\"117986-3\"><\/div>\n<\/div>\n<\/div>\n<div class=\"modalRedes\"><\/div>\n<\/div>\n<\/div>\n","protected":false},"excerpt":{"rendered":"<p>La Delegaci\u00f3n Goya del Ministerio de Desarrollo Social informa que desde este martes 24 de febrero hasta el 6 de marzo de 2026 de 8 a 12 hs, se realizar\u00e1 la entrega de M\u00f3dulos Alimentarios a los beneficiarios de los distintos barrios de nuestra ciudad. Cada jornada corresponde a barrios espec\u00edficos (ver detalle en el [&hellip;]<\/p>\n","protected":false},"author":2,"featured_media":7234,"comment_status":"open","ping_status":"open","sticky":false,"template":"","format":"standard","meta":{"footnotes":""},"categories":[78],"tags":[],"class_list":{"0":"post-7233","1":"post","2":"type-post","3":"status-publish","4":"format-standard","5":"has-post-thumbnail","7":"category-generales"},"_links":{"self":[{"href":"https:\/\/elpueblonoticia.com.ar\/web\/wp-json\/wp\/v2\/posts\/7233","targetHints":{"allow":["GET"]}}],"collection":[{"href":"https:\/\/elpueblonoticia.com.ar\/web\/wp-json\/wp\/v2\/posts"}],"about":[{"href":"https:\/\/elpueblonoticia.com.ar\/web\/wp-json\/wp\/v2\/types\/post"}],"author":[{"embeddable":true,"href":"https:\/\/elpueblonoticia.com.ar\/web\/wp-json\/wp\/v2\/users\/2"}],"replies":[{"embeddable":true,"href":"https:\/\/elpueblonoticia.com.ar\/web\/wp-json\/wp\/v2\/comments?post=7233"}],"version-history":[{"count":1,"href":"https:\/\/elpueblonoticia.com.ar\/web\/wp-json\/wp\/v2\/posts\/7233\/revisions"}],"predecessor-version":[{"id":7235,"href":"https:\/\/elpueblonoticia.com.ar\/web\/wp-json\/wp\/v2\/posts\/7233\/revisions\/7235"}],"wp:featuredmedia":[{"embeddable":true,"href":"https:\/\/elpueblonoticia.com.ar\/web\/wp-json\/wp\/v2\/media\/7234"}],"wp:attachment":[{"href":"https:\/\/elpueblonoticia.com.ar\/web\/wp-json\/wp\/v2\/media?parent=7233"}],"wp:term":[{"taxonomy":"category","embeddable":true,"href":"https:\/\/elpueblonoticia.com.ar\/web\/wp-json\/wp\/v2\/categories?post=7233"},{"taxonomy":"post_tag","embeddable":true,"href":"https:\/\/elpueblonoticia.com.ar\/web\/wp-json\/wp\/v2\/tags?post=7233"}],"curies":[{"name":"wp","href":"https:\/\/api.w.org\/{rel}","templated":true}]}}