{"id":7229,"date":"2026-02-24T10:12:19","date_gmt":"2026-02-24T13:12:19","guid":{"rendered":"https:\/\/elpueblonoticia.com.ar\/web\/?p=7229"},"modified":"2026-02-24T10:12:19","modified_gmt":"2026-02-24T13:12:19","slug":"renuncio-gallardo-como-tecnico-de-river-el-jueves-es-mi-ultimo-partido","status":"publish","type":"post","link":"https:\/\/elpueblonoticia.com.ar\/web\/2026\/02\/24\/renuncio-gallardo-como-tecnico-de-river-el-jueves-es-mi-ultimo-partido\/","title":{"rendered":"RENUNCI\u00d3 GALLARDO COMO T\u00c9CNICO DE RIVER: &#8220;EL JUEVES ES MI \u00daLTIMO PARTIDO&#8221;"},"content":{"rendered":"<div class=\"title\"><strong>Luego de la tercera derrota consecutiva y una reuni\u00f3n clave con el presidente St\u00e9fano Di Carlo, Marcelo Gallardo decidi\u00f3 dar un paso al costado, a trav\u00e9s de un video en las redes sociales oficiales de River Plate<\/strong><\/div>\n<div class=\"title\"><\/div>\n<section class=\"detail-body first-paragraph\">\n<section class=\"body-content note-body content-protected-false\" data-twitter-link=\"&lt;a href=\">\n<p data-path-to-node=\"4\">A trav\u00e9s de un video oficial difundido por la instituci\u00f3n, Marcelo Gallardo anunci\u00f3 el fin de su ciclo como director t\u00e9cnico de River Plate. El &#8220;Mu\u00f1eco&#8221;, que no pudo ocultar su angustia durante el mensaje, sentenci\u00f3 que el pr\u00f3ximo jueves en el Estadio Monumental dirigir\u00e1 por \u00faltima vez al equipo de sus amores.<\/p>\n<\/section>\n<\/section>\n<section class=\"detail-body second-paragraph\">\n<section class=\"body-content note-body content-protected-false\">\n<p data-path-to-node=\"5\"><em data-path-to-node=\"5\" data-index-in-node=\"0\">&#8220;Intentar\u00e9 ser breve para que no me inunde la emoci\u00f3n y el dolor que significa anunciar que el jueves ser\u00e1 mi \u00faltimo partido&#8221;<\/em>, comenz\u00f3 diciendo el entrenador en una pieza audiovisual que sacudi\u00f3 los cimientos del mundo del f\u00fatbol.<\/p>\n<section class=\"detail-body\">\n<section class=\"body-content note-body content-protected-false\">\n<h2 data-path-to-node=\"6\"><strong>Un adi\u00f3s marcado por la autocr\u00edtica y el agradecimiento<\/strong><\/h2>\n<p data-path-to-node=\"7\">Gallardo no esquiv\u00f3 la realidad deportiva del equipo, que acumula 11 derrotas en sus \u00faltimas 15 presentaciones. Con franqueza, el DT reconoci\u00f3 que los resultados no fueron los esperados en esta segunda etapa:\u00a0<em data-path-to-node=\"7\" data-index-in-node=\"209\">&#8220;Me invade la emoci\u00f3n y el dolor en el alma por no poder cumplir con los objetivos&#8230; claramente las cosas no salieron como ten\u00edamos proyectadas que salgan&#8221;<\/em>.<\/p>\n<\/section>\n<\/section>\n<section class=\"detail-body\">\n<section class=\"body-content note-body content-protected-false\">\n<p data-path-to-node=\"8\">A pesar del amargo presente, el \u00eddolo millonario centr\u00f3 su mensaje en el v\u00ednculo con la gente:<\/p>\n<\/section>\n<\/section>\n<section class=\"detail-body\">\n<section class=\"body-content note-body content-protected-false\">\n<ul data-path-to-node=\"9\">\n<li>\n<p data-path-to-node=\"9,0,0\"><strong data-path-to-node=\"9,0,0\" data-index-in-node=\"0\">Amor incondicional:<\/strong>\u00a0Agradeci\u00f3 a los hinchas por el afecto recibido\u00a0<em data-path-to-node=\"9,0,0\" data-index-in-node=\"67\">&#8220;incluso en los momentos m\u00e1s delicados&#8221;<\/em>.<\/p>\n<\/li>\n<li>\n<p data-path-to-node=\"9,1,0\"><strong data-path-to-node=\"9,1,0\" data-index-in-node=\"0\">Reconocimiento institucional:<\/strong>\u00a0Destac\u00f3 el crecimiento de River en los \u00faltimos a\u00f1os, calific\u00e1ndola como una\u00a0<em data-path-to-node=\"9,1,0\" data-index-in-node=\"106\">&#8220;instituci\u00f3n modelo en toda la regi\u00f3n&#8221;<\/em>.<\/p>\n<\/li>\n<li>\n<p data-path-to-node=\"9,2,0\"><strong data-path-to-node=\"9,2,0\" data-index-in-node=\"0\">Cierre afectivo:<\/strong>\u00a0Concluy\u00f3 con un mensaje de\u00a0<em data-path-to-node=\"9,2,0\" data-index-in-node=\"44\">&#8220;amor rec\u00edproco para todos los hinchas&#8221;<\/em>\u00a0y el deseo de que el club pronto recupere los buenos resultados futbol\u00edsticos.<\/p>\n<\/li>\n<\/ul>\n<\/section>\n<\/section>\n<\/section>\n<\/section>\n","protected":false},"excerpt":{"rendered":"<p>Luego de la tercera derrota consecutiva y una reuni\u00f3n clave con el presidente St\u00e9fano Di Carlo, Marcelo Gallardo decidi\u00f3 dar un paso al costado, a trav\u00e9s de un video en las redes sociales oficiales de River Plate A trav\u00e9s de un video oficial difundido por la instituci\u00f3n, Marcelo Gallardo anunci\u00f3 el fin de su ciclo [&hellip;]<\/p>\n","protected":false},"author":2,"featured_media":7230,"comment_status":"open","ping_status":"open","sticky":false,"template":"","format":"standard","meta":{"footnotes":""},"categories":[76],"tags":[],"class_list":{"0":"post-7229","1":"post","2":"type-post","3":"status-publish","4":"format-standard","5":"has-post-thumbnail","7":"category-deportes"},"_links":{"self":[{"href":"https:\/\/elpueblonoticia.com.ar\/web\/wp-json\/wp\/v2\/posts\/7229","targetHints":{"allow":["GET"]}}],"collection":[{"href":"https:\/\/elpueblonoticia.com.ar\/web\/wp-json\/wp\/v2\/posts"}],"about":[{"href":"https:\/\/elpueblonoticia.com.ar\/web\/wp-json\/wp\/v2\/types\/post"}],"author":[{"embeddable":true,"href":"https:\/\/elpueblonoticia.com.ar\/web\/wp-json\/wp\/v2\/users\/2"}],"replies":[{"embeddable":true,"href":"https:\/\/elpueblonoticia.com.ar\/web\/wp-json\/wp\/v2\/comments?post=7229"}],"version-history":[{"count":1,"href":"https:\/\/elpueblonoticia.com.ar\/web\/wp-json\/wp\/v2\/posts\/7229\/revisions"}],"predecessor-version":[{"id":7231,"href":"https:\/\/elpueblonoticia.com.ar\/web\/wp-json\/wp\/v2\/posts\/7229\/revisions\/7231"}],"wp:featuredmedia":[{"embeddable":true,"href":"https:\/\/elpueblonoticia.com.ar\/web\/wp-json\/wp\/v2\/media\/7230"}],"wp:attachment":[{"href":"https:\/\/elpueblonoticia.com.ar\/web\/wp-json\/wp\/v2\/media?parent=7229"}],"wp:term":[{"taxonomy":"category","embeddable":true,"href":"https:\/\/elpueblonoticia.com.ar\/web\/wp-json\/wp\/v2\/categories?post=7229"},{"taxonomy":"post_tag","embeddable":true,"href":"https:\/\/elpueblonoticia.com.ar\/web\/wp-json\/wp\/v2\/tags?post=7229"}],"curies":[{"name":"wp","href":"https:\/\/api.w.org\/{rel}","templated":true}]}}