{"id":7213,"date":"2026-02-20T10:44:09","date_gmt":"2026-02-20T13:44:09","guid":{"rendered":"https:\/\/elpueblonoticia.com.ar\/web\/?p=7213"},"modified":"2026-02-20T10:44:09","modified_gmt":"2026-02-20T13:44:09","slug":"el-gobierno-oficializo-los-aumentos-para-jubilados-y-pensionados-cuanto-pasara-a-valer-la-minima","status":"publish","type":"post","link":"https:\/\/elpueblonoticia.com.ar\/web\/2026\/02\/20\/el-gobierno-oficializo-los-aumentos-para-jubilados-y-pensionados-cuanto-pasara-a-valer-la-minima\/","title":{"rendered":"El Gobierno oficializ\u00f3 los aumentos para jubilados y pensionados: cu\u00e1nto pasar\u00e1 a valer la m\u00ednima"},"content":{"rendered":"<div id=\"modalIntrotext\">\n<div>Los nuevos montos se cobrar\u00e1n a partir del 1\u00b0 de marzo, luego de que se aplicar\u00e1 una diferencia del 2,88. Luego de que el Instituto Nacional de Estad\u00edstica y Censos (Indec) confirmara que el \u00cdndice de Precios al Consumidor (IPC) tuvo una variaci\u00f3n del 2,88% en el \u00faltimo mes, el Gobierno nacional anunci\u00f3 cu\u00e1les ser\u00e1n los aumentos que se reflejar\u00e1n en las jubilaciones y pensiones a partir de marzo.<\/div>\n<\/div>\n<div><\/div>\n<div><\/div>\n<div><\/div>\n<div>La actualizaci\u00f3n fue oficializada en la resoluci\u00f3n 38\/2026, que fue publicada este viernes a la madrugada en el Bolet\u00edn Oficial. Con la aprobaci\u00f3n del director de la Administraci\u00f3n Nacional de la Seguridad Social (ANSES), Fernando Bearzi, se fij\u00f3 el haber m\u00ednimo garantizado en $369.600,88.<\/p>\n<p>De la misma manera, las autoridades establecieron que el haber m\u00e1ximo que podr\u00e1n percibir los miembros del sistema previsional ser\u00e1 de $2.487.063,95 desde el 1\u00b0 de marzo.<\/p>\n<p>En el caso de la base imponible m\u00ednima para el c\u00e1lculo de aportes, se fij\u00f3 en $124.481,49, mientras que la m\u00e1xima alcanzar\u00e1 los $4.045.590,45. Asimismo, el monto de la Pensi\u00f3n Universal para el Adulto Mayor (PUAM) ser\u00e1 $295.680,70 y la Prestaci\u00f3n B\u00e1sica Universal (PBU) quedar\u00e1 en $169.075,53.<\/p>\n<p>Por otro lado, el organismo determin\u00f3 la actualizaci\u00f3n de las remuneraciones para quienes cesen en la actividad a partir del 28 de febrero de 2026, as\u00ed como para aquellos que, permaneciendo activos bajo los t\u00e9rminos de la ley, soliciten la prestaci\u00f3n desde el 1 de marzo de 2026<\/p>\n<p>Seg\u00fan explicaron, esta actualizaci\u00f3n se realizar\u00f3 conforme a los \u00edndices aprobados por la Subsecretar\u00eda de Seguridad Social y detallados en su Disposici\u00f3n 2\/2026. Asimismo, la Direcci\u00f3n General Dise\u00f1o de Procesos y Normas de ANSES qued\u00f3 habilitada para emitir las normas y comunicaciones necesarias para llevar adelante estos cambios.<\/p>\n<p>Los aumentos que entrar\u00e1n en vigencia a partir del mes que viene surgen de la f\u00f3rmula de movilidad jubilatoria que comenz\u00f3 a utilizarse a partir de abril de 2024. De esta manera, se estableci\u00f3 que las prestaciones de jubilaciones, pensiones y asignaciones se actualizar\u00e1n una vez por mes seg\u00fan la inflaci\u00f3n registrada dos meses antes, reemplazando el mecanismo trimestral.<\/p>\n<p>Por este motivo, en el considerando de la norma, el titular de ANSES sostuvo que \u201ccorresponde establecer los valores del mes de marzo de 2026 correspondientes a las prestaciones y conceptos previsionales, considerando la variaci\u00f3n del \u00cdndice de Precios al Consumidor correspondiente a enero de 2026\u2033.<\/p>\n<p>La modificaci\u00f3n, establecida por el Decreto 274\/2024 firmado por Javier Milei, busca ajustar los ingresos previsionales para reflejar m\u00e1s fielmente la suba de precios y evitar retrasos en los pagos. Bajo el esquema actual de incrementos mensuales, se registraron subas del 1,9% en octubre, 2,1% en noviembre, 2,3% en diciembre, 2,4% en enero y 2,8% en febrero.<\/p>\n<p>Tras confirmarse que el haber m\u00ednimo pasar\u00e1 a $369.600,88 en marzo, se calcula que, si se oficializa el bono extraordinario de $70.000, el ingreso m\u00ednimo de los jubilados alcanzar\u00e1 $439.600,88. Adem\u00e1s, indicaron que desde enero de 2025 los incrementos comenzar\u00e1n a aplicarse de forma autom\u00e1tica y no requerir\u00e1n nuevas disposiciones.<\/p>\n<p><b>De cu\u00e1nto ser\u00e1 el aumento en el resto de las prestaciones sociales<\/b><\/p>\n<div>\nEn el caso de las pensiones no contributivas por invalidez o vejez, se calcula que tendr\u00e1n un monto actualizado que, sumando el refuerzo extraordinario, llegar\u00eda a $330.705,03. Quienes perciben la pensi\u00f3n destinada a madres de siete hijos recibir\u00e1n una suma igual a la jubilaci\u00f3n m\u00ednima, es decir, $369.600,88, que asciende a $439.600,88 incluyendo el bono adicional.<\/p>\n<p>A partir del mismo incremento, la Asignaci\u00f3n Universal por Hijo (AUH) se ajustar\u00e1 a un total de $132.796,38 por cada hijo, en tanto que la AUH por discapacidad ser\u00e1 de $432.415,18.<\/p>\n<p>Para los beneficiarios de la Asignaci\u00f3n por Embarazo para Protecci\u00f3n Social (AUE), la cifra se fijar\u00e1 en $125.336,48, con el pago mensual del 80% y el saldo del 20% sujeto a la presentaci\u00f3n de documentaci\u00f3n exigida.<\/p>\n<p>Dentro del nuevo esquema, la Asignaci\u00f3n Familiar por Hijo para beneficiarios en el primer rango tambi\u00e9n se actualizar\u00e1 y alcanzar\u00e1 un total de $66.401,26.<\/p><\/div>\n<\/div>\n","protected":false},"excerpt":{"rendered":"<p>Los nuevos montos se cobrar\u00e1n a partir del 1\u00b0 de marzo, luego de que se aplicar\u00e1 una diferencia del 2,88. Luego de que el Instituto Nacional de Estad\u00edstica y Censos (Indec) confirmara que el \u00cdndice de Precios al Consumidor (IPC) tuvo una variaci\u00f3n del 2,88% en el \u00faltimo mes, el Gobierno nacional anunci\u00f3 cu\u00e1les ser\u00e1n [&hellip;]<\/p>\n","protected":false},"author":2,"featured_media":7214,"comment_status":"open","ping_status":"open","sticky":false,"template":"","format":"standard","meta":{"footnotes":""},"categories":[65],"tags":[],"class_list":{"0":"post-7213","1":"post","2":"type-post","3":"status-publish","4":"format-standard","5":"has-post-thumbnail","7":"category-economia"},"_links":{"self":[{"href":"https:\/\/elpueblonoticia.com.ar\/web\/wp-json\/wp\/v2\/posts\/7213","targetHints":{"allow":["GET"]}}],"collection":[{"href":"https:\/\/elpueblonoticia.com.ar\/web\/wp-json\/wp\/v2\/posts"}],"about":[{"href":"https:\/\/elpueblonoticia.com.ar\/web\/wp-json\/wp\/v2\/types\/post"}],"author":[{"embeddable":true,"href":"https:\/\/elpueblonoticia.com.ar\/web\/wp-json\/wp\/v2\/users\/2"}],"replies":[{"embeddable":true,"href":"https:\/\/elpueblonoticia.com.ar\/web\/wp-json\/wp\/v2\/comments?post=7213"}],"version-history":[{"count":1,"href":"https:\/\/elpueblonoticia.com.ar\/web\/wp-json\/wp\/v2\/posts\/7213\/revisions"}],"predecessor-version":[{"id":7215,"href":"https:\/\/elpueblonoticia.com.ar\/web\/wp-json\/wp\/v2\/posts\/7213\/revisions\/7215"}],"wp:featuredmedia":[{"embeddable":true,"href":"https:\/\/elpueblonoticia.com.ar\/web\/wp-json\/wp\/v2\/media\/7214"}],"wp:attachment":[{"href":"https:\/\/elpueblonoticia.com.ar\/web\/wp-json\/wp\/v2\/media?parent=7213"}],"wp:term":[{"taxonomy":"category","embeddable":true,"href":"https:\/\/elpueblonoticia.com.ar\/web\/wp-json\/wp\/v2\/categories?post=7213"},{"taxonomy":"post_tag","embeddable":true,"href":"https:\/\/elpueblonoticia.com.ar\/web\/wp-json\/wp\/v2\/tags?post=7213"}],"curies":[{"name":"wp","href":"https:\/\/api.w.org\/{rel}","templated":true}]}}