{"id":7209,"date":"2026-02-20T10:34:53","date_gmt":"2026-02-20T13:34:53","guid":{"rendered":"https:\/\/elpueblonoticia.com.ar\/web\/?p=7209"},"modified":"2026-02-20T10:34:53","modified_gmt":"2026-02-20T13:34:53","slug":"la-cgt-critico-a-los-gobernadores-peronistas-por-apoyar-la-reforma-laboral-traicionaron-a-los-trabajadores","status":"publish","type":"post","link":"https:\/\/elpueblonoticia.com.ar\/web\/2026\/02\/20\/la-cgt-critico-a-los-gobernadores-peronistas-por-apoyar-la-reforma-laboral-traicionaron-a-los-trabajadores\/","title":{"rendered":"La CGT critic\u00f3 a los gobernadores peronistas por apoyar la reforma laboral: \u201cTraicionaron a los trabajadores\u201d"},"content":{"rendered":"<picture><img loading=\"lazy\" decoding=\"async\" class=\"\" src=\"https:\/\/www.infobae.com\/resizer\/v2\/YKY75X4PENEDVHEYH6HM32BEEU.jpg?auth=82ea30313227659f043a0439ec93226a34aa2fe315bf6fcdc940bbc6969de50f&amp;smart=true&amp;width=350&amp;height=197&amp;quality=85\" alt=\"La reforma laboral fue aprobada\" width=\"860\" height=\"484\" \/><\/picture>\n<p>Cristian Jer\u00f3nimo apunt\u00f3 contra los mandatarios de Catamarca, Salta y Tucum\u00e1n. Adelant\u00f3 que ir\u00e1n a la Justicia para denunciar la medida que aprob\u00f3 ayer en la C\u00e1mara de Diputados.<\/p>\n<p data-mrf-recirculation=\"Links inline\">El secretario general de la CGT,\u00a0Cristian Jer\u00f3nimo, carg\u00f3 contra los mandatarios que dieron qu\u00f3rum y votos en Diputados para la aprobaci\u00f3n de la reforma laboral. En\u00a0Infobae al Amanecer, adelant\u00f3 que la central obrera recurrir\u00e1 a la v\u00eda judicial si la ley avanza en el Senado.<\/p>\n<p data-mrf-recirculation=\"Links inline\">\u201cNos dan verg\u00fcenza, han traicionado a los trabajadores\u201d, respondi\u00f3 Jer\u00f3nimo\u00a0al ser consultado por el rol de los gobernadores peronistas en la aprobaci\u00f3n de la reforma.\u00a0\u201cSon gobernadores de provincias que uno ha recorrido y ve el grado de desigualdad que tienen esas provincias. Nos dan verg\u00fcenza porque, supuestamente, lo hacen para beneficiar a sus provincias y sabemos que eso no tiene un impacto real\u201d, agreg\u00f3.<\/p>\n<p data-mrf-recirculation=\"Links inline\">El dirigente mencion\u00f3 casos concretos:\u00a0\u201cTucum\u00e1n, Catamarca, Salta mismo. Lo juzgar\u00e1 el tiempo y sabr\u00e1n ellos por qu\u00e9 han traicionado a todos los trabajadores y trabajadoras de esta manera\u201d. Insisti\u00f3 en que la soluci\u00f3n al conflicto es pol\u00edtica y no gremial, ya que la decisi\u00f3n se cristaliza en el Congreso:\u00a0\u201cEsto se termina legislando tanto en la C\u00e1mara de Senadores como de Diputados, y nosotros no votamos, pero siempre trabajamos para generar la conciencia necesaria\u201d.<\/p>\n<p data-mrf-recirculation=\"Links inline\">En di\u00e1logo con el equipo de\u00a0Infobae al Amanecer, integrado por Nacho Gir\u00f3n, Luciana Rubinska y Bel\u00e9n Escobar, Jer\u00f3nimo subray\u00f3 la magnitud del paro nacional y el rechazo extendido en el entramado productivo argentino:\u00a0\u201cTodo el entramado productivo de la Argentina ayer estuvo parado, todos los sectores industriales y de otras actividades tambi\u00e9n\u201d. Resalt\u00f3 que la protesta no se limit\u00f3 al transporte, sino que reflej\u00f3 el malestar transversal por la avanzada sobre derechos laborales.<\/p>\n<p data-mrf-recirculation=\"Links inline\">La CGT prepara una respuesta en dos frentes ante la inminente sanci\u00f3n de la reforma. Jer\u00f3nimo lo explicit\u00f3:\u00a0\u201cNos queda otra instancia, que es la judicial. Lo venimos diciendo: vamos a ir a la justicia porque este proyecto de ley va en contra de la Constituci\u00f3n Nacional\u201d.<\/p>\n<div data-mrf-experience=\"IL_JkB3GTBFTj2urpbOlzOORQ\" data-mrf-recirculation=\"IL_JkB3GTBFTj2urpbOlzOORQ\" data-testid=\"text-html\"><\/div>\n<div><picture><source srcset=\"https:\/\/www.infobae.com\/resizer\/v2\/YKY75X4PENEDVHEYH6HM32BEEU.jpg?auth=82ea30313227659f043a0439ec93226a34aa2fe315bf6fcdc940bbc6969de50f&amp;smart=true&amp;width=992&amp;height=558&amp;quality=85\" media=\"(min-width: 1000px)\" \/><source srcset=\"https:\/\/www.infobae.com\/resizer\/v2\/YKY75X4PENEDVHEYH6HM32BEEU.jpg?auth=82ea30313227659f043a0439ec93226a34aa2fe315bf6fcdc940bbc6969de50f&amp;smart=true&amp;width=768&amp;height=432&amp;quality=85\" media=\"(min-width: 768px)\" \/><source srcset=\"https:\/\/www.infobae.com\/resizer\/v2\/YKY75X4PENEDVHEYH6HM32BEEU.jpg?auth=82ea30313227659f043a0439ec93226a34aa2fe315bf6fcdc940bbc6969de50f&amp;smart=true&amp;width=577&amp;height=325&amp;quality=85\" media=\"(min-width: 580px)\" \/><source srcset=\"https:\/\/www.infobae.com\/resizer\/v2\/YKY75X4PENEDVHEYH6HM32BEEU.jpg?auth=82ea30313227659f043a0439ec93226a34aa2fe315bf6fcdc940bbc6969de50f&amp;smart=true&amp;width=420&amp;height=236&amp;quality=85\" media=\"(min-width: 350px)\" \/><source srcset=\"https:\/\/www.infobae.com\/resizer\/v2\/YKY75X4PENEDVHEYH6HM32BEEU.jpg?auth=82ea30313227659f043a0439ec93226a34aa2fe315bf6fcdc940bbc6969de50f&amp;smart=true&amp;width=350&amp;height=197&amp;quality=85\" media=\"(min-width: 80px)\" \/><\/picture>La reforma laboral fue aprobada con 135 votos positivos<\/div>\n<p data-mrf-recirculation=\"Links inline\">El sindicalista remarc\u00f3 que, adem\u00e1s del camino legal, la resistencia seguir\u00e1 en el territorio:\u00a0\u201cLo vamos a defender donde m\u00e1s c\u00f3modos nos sentimos, que es en las bases, defendiendo los derechos de los compa\u00f1eros. No vamos a permitir que haya retroceso\u201d. Consultado sobre los pasos futuros, anticip\u00f3:\u00a0\u201cSeguramente entre hoy y el lunes nos estaremos juntando a ver cu\u00e1les son los pr\u00f3ximos pasos a seguir de este plan de acci\u00f3n que se decidi\u00f3 all\u00e1 por diciembre\u201d.<\/p>\n<p data-mrf-recirculation=\"Links inline\">Por otro lado, Jer\u00f3nimo neg\u00f3 cualquier negociaci\u00f3n con el Gobierno por la reforma laboral y los aportes sindicales:\u00a0\u201cNunca existi\u00f3, no hubo. Desde el primer momento esper\u00e1bamos una convocatoria en un \u00e1mbito de di\u00e1logo y negociaci\u00f3n. Nunca existi\u00f3 esa convocatoria\u201d.<\/p>\n<p data-mrf-recirculation=\"Links inline\">Aclar\u00f3 que las decisiones en la central obrera se toman de manera colectiva y desestim\u00f3 versiones sobre acuerdos secretos:\u00a0\u201cTenemos la tranquilidad de que nosotros con ellos nunca negociamos nada. S\u00ed hablamos con senadores de distintos bloques para construir una mayor\u00eda y, en el \u00faltimo caso, para modificar much\u00edsimos art\u00edculos\u201d.<\/p>\n<p data-mrf-recirculation=\"Links inline\">El dirigente tambi\u00e9n se refiri\u00f3 al rol de la\u00a0Uni\u00f3n Industrial Argentina\u00a0y cuestion\u00f3 la falta de defensa de la industria nacional:\u00a0\u201cLa UIA termina siendo c\u00f3mplice y acompa\u00f1ando esta ley regresiva. Me llama poderosamente la atenci\u00f3n que todos los d\u00edas cierre una empresa y ellos sigan diciendo que el problema son los derechos de los trabajadores\u201d.<\/p>\n<p>&nbsp;<\/p>\n","protected":false},"excerpt":{"rendered":"<p>Cristian Jer\u00f3nimo apunt\u00f3 contra los mandatarios de Catamarca, Salta y Tucum\u00e1n. Adelant\u00f3 que ir\u00e1n a la Justicia para denunciar la medida que aprob\u00f3 ayer en la C\u00e1mara de Diputados. El secretario general de la CGT,\u00a0Cristian Jer\u00f3nimo, carg\u00f3 contra los mandatarios que dieron qu\u00f3rum y votos en Diputados para la aprobaci\u00f3n de la reforma laboral. En\u00a0Infobae [&hellip;]<\/p>\n","protected":false},"author":2,"featured_media":7210,"comment_status":"open","ping_status":"open","sticky":false,"template":"","format":"standard","meta":{"footnotes":""},"categories":[64],"tags":[],"class_list":{"0":"post-7209","1":"post","2":"type-post","3":"status-publish","4":"format-standard","5":"has-post-thumbnail","7":"category-nacionales"},"_links":{"self":[{"href":"https:\/\/elpueblonoticia.com.ar\/web\/wp-json\/wp\/v2\/posts\/7209","targetHints":{"allow":["GET"]}}],"collection":[{"href":"https:\/\/elpueblonoticia.com.ar\/web\/wp-json\/wp\/v2\/posts"}],"about":[{"href":"https:\/\/elpueblonoticia.com.ar\/web\/wp-json\/wp\/v2\/types\/post"}],"author":[{"embeddable":true,"href":"https:\/\/elpueblonoticia.com.ar\/web\/wp-json\/wp\/v2\/users\/2"}],"replies":[{"embeddable":true,"href":"https:\/\/elpueblonoticia.com.ar\/web\/wp-json\/wp\/v2\/comments?post=7209"}],"version-history":[{"count":1,"href":"https:\/\/elpueblonoticia.com.ar\/web\/wp-json\/wp\/v2\/posts\/7209\/revisions"}],"predecessor-version":[{"id":7211,"href":"https:\/\/elpueblonoticia.com.ar\/web\/wp-json\/wp\/v2\/posts\/7209\/revisions\/7211"}],"wp:featuredmedia":[{"embeddable":true,"href":"https:\/\/elpueblonoticia.com.ar\/web\/wp-json\/wp\/v2\/media\/7210"}],"wp:attachment":[{"href":"https:\/\/elpueblonoticia.com.ar\/web\/wp-json\/wp\/v2\/media?parent=7209"}],"wp:term":[{"taxonomy":"category","embeddable":true,"href":"https:\/\/elpueblonoticia.com.ar\/web\/wp-json\/wp\/v2\/categories?post=7209"},{"taxonomy":"post_tag","embeddable":true,"href":"https:\/\/elpueblonoticia.com.ar\/web\/wp-json\/wp\/v2\/tags?post=7209"}],"curies":[{"name":"wp","href":"https:\/\/api.w.org\/{rel}","templated":true}]}}