{"id":7205,"date":"2026-02-20T10:29:19","date_gmt":"2026-02-20T13:29:19","guid":{"rendered":"https:\/\/elpueblonoticia.com.ar\/web\/?p=7205"},"modified":"2026-02-20T10:29:19","modified_gmt":"2026-02-20T13:29:19","slug":"en-pleno-paro-y-en-el-dia-de-su-cumpleanos-cristina-kirchner-salio-a-saludar-al-balcon-nuevamente","status":"publish","type":"post","link":"https:\/\/elpueblonoticia.com.ar\/web\/2026\/02\/20\/en-pleno-paro-y-en-el-dia-de-su-cumpleanos-cristina-kirchner-salio-a-saludar-al-balcon-nuevamente\/","title":{"rendered":"En pleno paro y en el d\u00eda de su cumplea\u00f1os, Cristina Kirchner sali\u00f3 a saludar al balc\u00f3n nuevamente"},"content":{"rendered":"<div>\n<p><strong>De celeste y blanco, con el rosario al cuello y una escaparela en el pecho, la expresidenta se reencontr\u00f3 con su publico en la vereda de San Jos\u00e9 1111.<\/strong><\/p>\n<p>&nbsp;<\/p>\n<section class=\"detail-body first-paragraph\">\n<section class=\"body-content note-body content-protected-false\" data-twitter-link=\"&lt;a href=\">La\u00a0<strong>expresidenta Cristina Kirchner reapareci\u00f3 este jueves en el balc\u00f3n de su casa en Constituci\u00f3n<\/strong>, pero no para arengar a la multitud en el paro general en rechazo a la Reforma Laboral, sino para agradecer los saludos por su cumplea\u00f1os, que fue este 19 de febrero.<\/p>\n<\/section>\n<\/section>\n<section class=\"detail-body second-paragraph\">\n<section class=\"body-content note-body content-protected-false\">El paro general convocado por la Confederaci\u00f3n General del Trabajo (CGT) coincidi\u00f3 con una fecha trascendental para la militancia kirchnerista porque Cristina Kirchner est\u00e1 cumpliendo 73 a\u00f1os.<\/p>\n<p>La dos veces presidenta y una vez vicepresidenta salud\u00f3 emocionada a sus seguidores, que la recibieron con un &#8220;a volver, vamos a volver&#8221;, con una murga y hasta con una torta de gran tama\u00f1o para su festejo popular.<\/p>\n<section class=\"detail-body\">\n<section class=\"body-content note-body content-protected-false\">Puede que la expresidenta est\u00e9 recluida en su hogar de Constituci\u00f3n, monitoreada con tobillera electr\u00f3nica y con una lista reducida de personas autorizadas a visitarla, pero su sentencia judicial -que\u00a0la condena a seis a\u00f1os de presi\u00f3n por su rol en la Causa Vialidad- no le impidi\u00f3 festejar su cumplea\u00f1os.<\/p>\n<\/section>\n<\/section>\n<section class=\"detail-body\">\n<section class=\"body-content note-body content-protected-false\">Mientras tanto, en el Congreso de la Naci\u00f3n, la C\u00e1mara de Diputados avanza con la sesi\u00f3n en la que podr\u00eda votarse la Reforma Laboral que eliminar\u00eda derechos hist\u00f3ricos de los trabajadores, desde la jornada de ocho horas hasta el reconocimiento formal de horas extras o la indemnizaci\u00f3n por despido sin causa.<\/p>\n<\/section>\n<\/section>\n<section class=\"detail-body\">\n<section class=\"body-content note-body content-protected-false\">En Diputados, el bloque de Uni\u00f3n por la Patria mantiene 93 votos y pelea cuerpo a cuerpo con el oficialismo, que tiene 95 hombres propios m\u00e1s todas las bancadas afines, dialoguistas.<\/p>\n<p>La CGT convoc\u00f3 a un paro general que empez\u00f3 a las 0 de este jueves y que se extender\u00e1 hasta el final de la jornada con una movilizaci\u00f3n al Congreso donde ya se vivieron momentos de tensi\u00f3n, disturbios, represi\u00f3n y detenciones.<\/p>\n<\/section>\n<\/section>\n<\/section>\n<\/section>\n<\/div>\n<div class=\"s2s_supra_contenedor lang_directon_right s2sdefault  align_left  s2s_balloon_bottom \">\n<div class=\"s2s_contenedor  s2s_no_text  s2s-btn-group\">\n<div class=\"s2s_twitter s2s_btn s2s-btn-xs \">\n<div class=\"globo s2s_globo_closed s2s_twitter_iframe\"><\/div>\n<\/div>\n<div class=\"s2s_facebook s2s_btn s2s-btn-xs \">\n<div class=\"globo s2s_globo_closed s2s_facebook_iframe\"><\/div>\n<\/div>\n<div class=\"s2s_wapp s2s_btn s2s-btn-xs  \">\n<div class=\"globo s2s_globo_closed s2s_wapp_iframe\"><\/div>\n<\/div>\n<\/div>\n<div class=\"s2s_credits_wrapper\"><\/div>\n<\/div>\n","protected":false},"excerpt":{"rendered":"<p>De celeste y blanco, con el rosario al cuello y una escaparela en el pecho, la expresidenta se reencontr\u00f3 con su publico en la vereda de San Jos\u00e9 1111. &nbsp; La\u00a0expresidenta Cristina Kirchner reapareci\u00f3 este jueves en el balc\u00f3n de su casa en Constituci\u00f3n, pero no para arengar a la multitud en el paro general [&hellip;]<\/p>\n","protected":false},"author":2,"featured_media":7206,"comment_status":"open","ping_status":"open","sticky":false,"template":"","format":"standard","meta":{"footnotes":""},"categories":[78],"tags":[],"class_list":{"0":"post-7205","1":"post","2":"type-post","3":"status-publish","4":"format-standard","5":"has-post-thumbnail","7":"category-generales"},"_links":{"self":[{"href":"https:\/\/elpueblonoticia.com.ar\/web\/wp-json\/wp\/v2\/posts\/7205","targetHints":{"allow":["GET"]}}],"collection":[{"href":"https:\/\/elpueblonoticia.com.ar\/web\/wp-json\/wp\/v2\/posts"}],"about":[{"href":"https:\/\/elpueblonoticia.com.ar\/web\/wp-json\/wp\/v2\/types\/post"}],"author":[{"embeddable":true,"href":"https:\/\/elpueblonoticia.com.ar\/web\/wp-json\/wp\/v2\/users\/2"}],"replies":[{"embeddable":true,"href":"https:\/\/elpueblonoticia.com.ar\/web\/wp-json\/wp\/v2\/comments?post=7205"}],"version-history":[{"count":1,"href":"https:\/\/elpueblonoticia.com.ar\/web\/wp-json\/wp\/v2\/posts\/7205\/revisions"}],"predecessor-version":[{"id":7207,"href":"https:\/\/elpueblonoticia.com.ar\/web\/wp-json\/wp\/v2\/posts\/7205\/revisions\/7207"}],"wp:featuredmedia":[{"embeddable":true,"href":"https:\/\/elpueblonoticia.com.ar\/web\/wp-json\/wp\/v2\/media\/7206"}],"wp:attachment":[{"href":"https:\/\/elpueblonoticia.com.ar\/web\/wp-json\/wp\/v2\/media?parent=7205"}],"wp:term":[{"taxonomy":"category","embeddable":true,"href":"https:\/\/elpueblonoticia.com.ar\/web\/wp-json\/wp\/v2\/categories?post=7205"},{"taxonomy":"post_tag","embeddable":true,"href":"https:\/\/elpueblonoticia.com.ar\/web\/wp-json\/wp\/v2\/tags?post=7205"}],"curies":[{"name":"wp","href":"https:\/\/api.w.org\/{rel}","templated":true}]}}