{"id":7201,"date":"2026-02-20T10:20:42","date_gmt":"2026-02-20T13:20:42","guid":{"rendered":"https:\/\/elpueblonoticia.com.ar\/web\/?p=7201"},"modified":"2026-02-20T10:20:42","modified_gmt":"2026-02-20T13:20:42","slug":"itati-se-prepara-para-la-apertura-del-ano-pastoral-en-corrientes","status":"publish","type":"post","link":"https:\/\/elpueblonoticia.com.ar\/web\/2026\/02\/20\/itati-se-prepara-para-la-apertura-del-ano-pastoral-en-corrientes\/","title":{"rendered":"Itat\u00ed se prepara para la apertura del A\u00f1o Pastoral en Corrientes"},"content":{"rendered":"<div id=\"modalIntrotext\">\n<div>La Arquidi\u00f3cesis de Corrientes anunci\u00f3 que el primer domingo de marzo se realizar\u00e1 la tradicional Apertura del A\u00f1o Pastoral 2026 en la localidad de Itat\u00ed, evento que re\u00fane a fieles, sacerdotes y movimientos de toda la di\u00f3cesis para comenzar un nuevo a\u00f1o de trabajo pastoral y espiritual.<\/div>\n<div><\/div>\n<\/div>\n<div><\/div>\n<div><\/div>\n<div>La jornada ser\u00e1 un espacio de encuentro y comuni\u00f3n en torno a la fe cat\u00f3lica. A partir de la ma\u00f1ana, las distintas parroquias, pastorales e instituciones de la Iglesia se congregar\u00e1n ante el Santuario de Nuestra Se\u00f1ora de Itat\u00ed para iniciar las celebraciones con un momento de oraci\u00f3n y reflexi\u00f3n.<\/p>\n<p>La misa central ser\u00e1 presidida por monse\u00f1or Jos\u00e9 Adolfo Larregain, arzobispo de Corrientes, y se celebrar\u00e1 en la Bas\u00edlica de Itat\u00ed. Se espera que el acto lit\u00fargico marque el comienzo formal de las actividades pastorales para todo el a\u00f1o, en las que se renovar\u00e1 el compromiso misionero de la comunidad diocesana.<\/p>\n<p>Adem\u00e1s, tras la Eucarist\u00eda, se desarrollar\u00e1 un espacio de intercambio y reflexi\u00f3n pastoral, donde las distintas \u00e1reas de trabajo de la Iglesia podr\u00e1n compartir sus l\u00edneas de acci\u00f3n para 2026, fortaleciendo la participaci\u00f3n de la comunidad en las actividades de la arquidi\u00f3cesis.<\/p>\n<p>La convocatoria est\u00e1 abierta a todos los fieles que deseen sumarse con esp\u00edritu de fe y fraternidad, para comenzar este nuevo ciclo pastoral acompa\u00f1ados bajo la protecci\u00f3n de la Virgen de Itat\u00ed.<\/p>\n<\/div>\n","protected":false},"excerpt":{"rendered":"<p>La Arquidi\u00f3cesis de Corrientes anunci\u00f3 que el primer domingo de marzo se realizar\u00e1 la tradicional Apertura del A\u00f1o Pastoral 2026 en la localidad de Itat\u00ed, evento que re\u00fane a fieles, sacerdotes y movimientos de toda la di\u00f3cesis para comenzar un nuevo a\u00f1o de trabajo pastoral y espiritual. La jornada ser\u00e1 un espacio de encuentro y [&hellip;]<\/p>\n","protected":false},"author":2,"featured_media":7202,"comment_status":"open","ping_status":"open","sticky":false,"template":"","format":"standard","meta":{"footnotes":""},"categories":[78],"tags":[],"class_list":{"0":"post-7201","1":"post","2":"type-post","3":"status-publish","4":"format-standard","5":"has-post-thumbnail","7":"category-generales"},"_links":{"self":[{"href":"https:\/\/elpueblonoticia.com.ar\/web\/wp-json\/wp\/v2\/posts\/7201","targetHints":{"allow":["GET"]}}],"collection":[{"href":"https:\/\/elpueblonoticia.com.ar\/web\/wp-json\/wp\/v2\/posts"}],"about":[{"href":"https:\/\/elpueblonoticia.com.ar\/web\/wp-json\/wp\/v2\/types\/post"}],"author":[{"embeddable":true,"href":"https:\/\/elpueblonoticia.com.ar\/web\/wp-json\/wp\/v2\/users\/2"}],"replies":[{"embeddable":true,"href":"https:\/\/elpueblonoticia.com.ar\/web\/wp-json\/wp\/v2\/comments?post=7201"}],"version-history":[{"count":1,"href":"https:\/\/elpueblonoticia.com.ar\/web\/wp-json\/wp\/v2\/posts\/7201\/revisions"}],"predecessor-version":[{"id":7203,"href":"https:\/\/elpueblonoticia.com.ar\/web\/wp-json\/wp\/v2\/posts\/7201\/revisions\/7203"}],"wp:featuredmedia":[{"embeddable":true,"href":"https:\/\/elpueblonoticia.com.ar\/web\/wp-json\/wp\/v2\/media\/7202"}],"wp:attachment":[{"href":"https:\/\/elpueblonoticia.com.ar\/web\/wp-json\/wp\/v2\/media?parent=7201"}],"wp:term":[{"taxonomy":"category","embeddable":true,"href":"https:\/\/elpueblonoticia.com.ar\/web\/wp-json\/wp\/v2\/categories?post=7201"},{"taxonomy":"post_tag","embeddable":true,"href":"https:\/\/elpueblonoticia.com.ar\/web\/wp-json\/wp\/v2\/tags?post=7201"}],"curies":[{"name":"wp","href":"https:\/\/api.w.org\/{rel}","templated":true}]}}