{"id":7193,"date":"2026-02-20T10:06:14","date_gmt":"2026-02-20T13:06:14","guid":{"rendered":"https:\/\/elpueblonoticia.com.ar\/web\/?p=7193"},"modified":"2026-02-20T10:06:14","modified_gmt":"2026-02-20T13:06:14","slug":"la-justicia-fallo-en-favor-de-los-260-despedidos-de-la-empresa-alal","status":"publish","type":"post","link":"https:\/\/elpueblonoticia.com.ar\/web\/2026\/02\/20\/la-justicia-fallo-en-favor-de-los-260-despedidos-de-la-empresa-alal\/","title":{"rendered":"La Justicia fall\u00f3 en favor de los 260 despedidos de la empresa Alal"},"content":{"rendered":"<div id=\"modalIntrotext\">\n<div>El juez laboral trab\u00f3 embargo sobre los bienes de la empresa y los intim\u00f3 a depositar una suma millonaria para las indemnizaciones de los despedidos.<\/div>\n<div><\/div>\n<div><\/div>\n<div><\/div>\n<div><\/div>\n<div>\n<div>El juez laboral, Ariel Brest, hizo lugar a una medida autosatisfactiva promovida por un grupo de empleados contra la firma Alal y orden\u00f3 el dep\u00f3sito de una suma millonaria en concepto de cr\u00e9ditos laborales reclamados por los despedidos. La empresa ech\u00f3 a 260 empleados y les anunci\u00f3 que solo pagar\u00eda el 50% de la indemnizaci\u00f3n prevista. Pero no realiz\u00f3 pago alguno, por eso la Justicia intim\u00f3 a los due\u00f1os a depositar 142 millones de pesos, para abonarle a los trabajadores.<\/div>\n<div>\n<div><\/div>\n<div><\/div>\n<div>La empresa tiene 10 d\u00edas para depositar en el Banco de Corrientes ese monto que garantizar\u00eda el pago del 50% de la indeminizaci\u00f3n.<\/div>\n<\/div>\n<div>\n<div><\/div>\n<div>El juez hizo lugar a la medida cautelar al acreditarse la mora del empleador en el pago. La Justicia adem\u00e1s embargar\u00e1 bienes de la compa\u00f1\u00eda que cubran el monto exigido y en caso de no cumplir con la orden juducial, rematar\u00e1 el bien para que los exempleados puedan cobrar parte de su indemnizaci\u00f3n.<\/div>\n<\/div>\n<div>\n<div><\/div>\n<div><\/div>\n<div>La medida garantiza el 50% de las indeminizaciones, pero los trabajadores continuar\u00e1n su reclamo judical para que se les abone todo lo correspondiente.<\/div>\n<div><\/div>\n<\/div>\n<\/div>\n<\/div>\n","protected":false},"excerpt":{"rendered":"<p>El juez laboral trab\u00f3 embargo sobre los bienes de la empresa y los intim\u00f3 a depositar una suma millonaria para las indemnizaciones de los despedidos. El juez laboral, Ariel Brest, hizo lugar a una medida autosatisfactiva promovida por un grupo de empleados contra la firma Alal y orden\u00f3 el dep\u00f3sito de una suma millonaria en [&hellip;]<\/p>\n","protected":false},"author":2,"featured_media":7194,"comment_status":"open","ping_status":"open","sticky":false,"template":"","format":"standard","meta":{"footnotes":""},"categories":[78],"tags":[],"class_list":{"0":"post-7193","1":"post","2":"type-post","3":"status-publish","4":"format-standard","5":"has-post-thumbnail","7":"category-generales"},"_links":{"self":[{"href":"https:\/\/elpueblonoticia.com.ar\/web\/wp-json\/wp\/v2\/posts\/7193","targetHints":{"allow":["GET"]}}],"collection":[{"href":"https:\/\/elpueblonoticia.com.ar\/web\/wp-json\/wp\/v2\/posts"}],"about":[{"href":"https:\/\/elpueblonoticia.com.ar\/web\/wp-json\/wp\/v2\/types\/post"}],"author":[{"embeddable":true,"href":"https:\/\/elpueblonoticia.com.ar\/web\/wp-json\/wp\/v2\/users\/2"}],"replies":[{"embeddable":true,"href":"https:\/\/elpueblonoticia.com.ar\/web\/wp-json\/wp\/v2\/comments?post=7193"}],"version-history":[{"count":1,"href":"https:\/\/elpueblonoticia.com.ar\/web\/wp-json\/wp\/v2\/posts\/7193\/revisions"}],"predecessor-version":[{"id":7195,"href":"https:\/\/elpueblonoticia.com.ar\/web\/wp-json\/wp\/v2\/posts\/7193\/revisions\/7195"}],"wp:featuredmedia":[{"embeddable":true,"href":"https:\/\/elpueblonoticia.com.ar\/web\/wp-json\/wp\/v2\/media\/7194"}],"wp:attachment":[{"href":"https:\/\/elpueblonoticia.com.ar\/web\/wp-json\/wp\/v2\/media?parent=7193"}],"wp:term":[{"taxonomy":"category","embeddable":true,"href":"https:\/\/elpueblonoticia.com.ar\/web\/wp-json\/wp\/v2\/categories?post=7193"},{"taxonomy":"post_tag","embeddable":true,"href":"https:\/\/elpueblonoticia.com.ar\/web\/wp-json\/wp\/v2\/tags?post=7193"}],"curies":[{"name":"wp","href":"https:\/\/api.w.org\/{rel}","templated":true}]}}