{"id":7185,"date":"2026-02-20T09:48:17","date_gmt":"2026-02-20T12:48:17","guid":{"rendered":"https:\/\/elpueblonoticia.com.ar\/web\/?p=7185"},"modified":"2026-02-20T09:48:17","modified_gmt":"2026-02-20T12:48:17","slug":"entre-gritos-y-cruces-se-aprobo-la-reforma-laboral-en-diputados","status":"publish","type":"post","link":"https:\/\/elpueblonoticia.com.ar\/web\/2026\/02\/20\/entre-gritos-y-cruces-se-aprobo-la-reforma-laboral-en-diputados\/","title":{"rendered":"Entre gritos y cruces se aprob\u00f3 la Reforma Laboral en Diputados"},"content":{"rendered":"<div id=\"modalIntrotext\">\n<div>Con 135 votos a favor y 113 en contra el proyecto venido del Senado fue modificado. Ahora volver\u00e1 a la misma, que ya tiene fijada fecha para tratarla. La lista de oradores se extend\u00eda fue m\u00e1s de 40. Sacaron el art\u00edculo 44, que trata el r\u00e9gimen de licencias.<\/div>\n<div><\/div>\n<div>\u00a0 \u00a0 \u00a0 \u00a0 \u00a0 \u00a0 \u00a0 \u00a0 \u00a0 \u00a0 \u00a0 \u00a0 \u00a0 \u00a0 \u00a0 \u00a0 \u00a0 \u00a0 \u00a0 \u00a0 \u00a0 \u00a0 \u00a0 \u00a0 \u00a0 \u00a0 \u00a0 \u00a0 \u00a0 \u00a0 \u00a0 \u00a0 \u00a0 \u00a0 \u00a0 \u00a0 \u00a0 \u00a0 \u00a0 \u00a0 \u00a0 \u00a0 \u00a0 \u00a0 \u00a0 \u00a0 \u00a0 \u00a0 \u00a0 \u00a0 \u00a0 +<\/div>\n<div><\/div>\n<div>\n<div class=\"contenido\">\n<div id=\"modalFulltext\">\n<div>El Gobierno aceler\u00f3 el tratamiento de la Reforma laboral y con qu\u00f3rum ajustado (130 diputados), dio inicio al debate en la C\u00e1mara baja. Para dar inicio a la sesi\u00f3n, pasadas las 14 del jueves, fue clave el apoyo a La Libertad Avanza de los bloques PRO, MID, UCR y el aporte de legisladores vinculados a los gobernadores Osvaldo Jaldo (Tucum\u00e1n), Gustavo S\u00e1enz (Salta), Marcelo Orrego (San Juan), Hugo Passalacqua (Misiones) y Ra\u00fal Jalil (Catamarca). Desde las 14.15 de ayer, los diputados comenzaron a debatir el proyecto de reforma laboral, el tratamiento se da en una jornada atravesada por el paro nacional dispuesto por la CGT y una marcha de sectores de izquierda hacia el Congreso.<\/div>\n<div><\/div>\n<div>Como se insert\u00f3 una modificaci\u00f3n sobre la redacci\u00f3n, el proyecto tendr\u00e1 que tratarse nuevamente en la C\u00e1mara alta. La maquinaria legislativa libertaria busca coordinaci\u00f3n y ya hubo convocatoria para el Senado para hoy, viernes 20 a las 10, en caso de que se apruebe la iniciativa.<\/div>\n<div><\/div>\n<div>Al cierre de esta edici\u00f3n, el Gobierno enfrentaba su segunda gran batalla legislativa del a\u00f1o. El gobierno de Javier Milei es optimista respecto a su aprobaci\u00f3n en general, dado que los c\u00e1lculos del oficialismo y de la oposici\u00f3n es que contar\u00e1 con m\u00e1s de 130 votos a favor, a lo que se suma la posibilidad de bloquear nuevas modificaciones al texto.<\/div>\n<div><\/div>\n<div>Con la exposici\u00f3n del libertario Lisandro Almir\u00f3n en el dictamen de mayor\u00eda, se comenz\u00f3 a tratar en la C\u00e1mara de Diputados la Reforma laboral oficialista.<\/div>\n<div><\/div>\n<div>&#8220;\u00bfDe cu\u00e1nto sirve una biblioteca entera de legislaci\u00f3n laboral si al final del d\u00eda el r\u00e9gimen previsto no sirve para generar empleo?&#8221;, se pregunt\u00f3 el legislador correntino.<\/div>\n<div><\/div>\n<div>En medio del repudio opositor porque Almir\u00f3n ley\u00f3 todo su discurso, el correntino defendi\u00f3 fervorosamente el proyecto del Gobierno. Incluso cuando el kirchnerista Aldo Leiva se acerc\u00f3 hasta su banca para increparlo.<\/div>\n<div><\/div>\n<div>&#8220;Mientras estamos en este recinto, millones de argentinos trabajan por afuera del encuadre de las leyes, sin aportes y sin obra social&#8221;, record\u00f3 el diputado.<\/div>\n<div><\/div>\n<div>Y agreg\u00f3: &#8220;La experiencia nos demostr\u00f3 que nuestra legislaci\u00f3n laboral vigente, r\u00edgida y anacr\u00f3nica, funciona como una barrera infranqueable para la registraci\u00f3n de empleo formal&#8221;.<\/div>\n<div><\/div>\n<div>El diputado K y l\u00edder del gremio de Bancarios sostuvo que el proyecto de reforma laboral no tiene &#8220;una l\u00ednea que favorezca a los trabajadores&#8221;. &#8220;Cuando hay alg\u00fan beneficio es hacia los empresarios&#8221;, coment\u00f3.<\/div>\n<div><\/div>\n<div>&#8220;Han contrabandeado detr\u00e1s de la palabra modernizaci\u00f3n la regresi\u00f3n m\u00e1s brutal de los derechos de los trabajadores&#8221;, analiz\u00f3 y vaticin\u00f3 que de aprobarse habr\u00e1 &#8220;una catarata de pedidos de inconstitucionalidad, porque la norma es inconstitucional&#8221;. &#8220;No podemos venir y votar cualquier cosa en el Parlamento, el l\u00edmite es la Constituci\u00f3n Nacional&#8221;, afirm\u00f3.<\/div>\n<div><\/div>\n<div>El diputado de Provincias Unidas Mart\u00edn Lousteau dijo que &#8220;la Argentina necesita una reforma laboral, pero no es esta&#8221;. Critic\u00f3 que el proyecto no abordaba varios aspectos y dijo que el Fondo de Asistencia Laboral (FAL) &#8220;es que los jubilados de hoy y ma\u00f1ana paguen los despidos de las empresas&#8221;. &#8220;Parece que hay plata para subsidiar despidos&#8221;, afirm\u00f3.<\/div>\n<div><\/div>\n<div>El diputado del Frente de Izquierda N\u00e9stor Pitrola pidi\u00f3 &#8220;rechazar la repugnante negociaci\u00f3n de los gobernadores que negociaron 150 a\u00f1os de conquistas obreras de leyes, de derechos laborales, de convenios, de todo por la coparticipaci\u00f3n que ya ten\u00edan&#8221;. A continuaci\u00f3n, acus\u00f3 a los bloques dialoguistas de ser &#8220;socios de la pol\u00edtica antiobrera de Milei&#8221;.<\/div>\n<\/div>\n<div>\n<div id=\"117986-4\"><\/div>\n<div id=\"117986-6\"><\/div>\n<div id=\"117986-3\"><\/div>\n<\/div>\n<\/div>\n<div class=\"modalRedes\"><\/div>\n<\/div>\n<\/div>\n","protected":false},"excerpt":{"rendered":"<p>Con 135 votos a favor y 113 en contra el proyecto venido del Senado fue modificado. Ahora volver\u00e1 a la misma, que ya tiene fijada fecha para tratarla. La lista de oradores se extend\u00eda fue m\u00e1s de 40. Sacaron el art\u00edculo 44, que trata el r\u00e9gimen de licencias. \u00a0 \u00a0 \u00a0 \u00a0 \u00a0 \u00a0 \u00a0 [&hellip;]<\/p>\n","protected":false},"author":2,"featured_media":7186,"comment_status":"open","ping_status":"open","sticky":false,"template":"","format":"standard","meta":{"footnotes":""},"categories":[66],"tags":[],"class_list":{"0":"post-7185","1":"post","2":"type-post","3":"status-publish","4":"format-standard","5":"has-post-thumbnail","7":"category-politica-nacionales"},"_links":{"self":[{"href":"https:\/\/elpueblonoticia.com.ar\/web\/wp-json\/wp\/v2\/posts\/7185","targetHints":{"allow":["GET"]}}],"collection":[{"href":"https:\/\/elpueblonoticia.com.ar\/web\/wp-json\/wp\/v2\/posts"}],"about":[{"href":"https:\/\/elpueblonoticia.com.ar\/web\/wp-json\/wp\/v2\/types\/post"}],"author":[{"embeddable":true,"href":"https:\/\/elpueblonoticia.com.ar\/web\/wp-json\/wp\/v2\/users\/2"}],"replies":[{"embeddable":true,"href":"https:\/\/elpueblonoticia.com.ar\/web\/wp-json\/wp\/v2\/comments?post=7185"}],"version-history":[{"count":1,"href":"https:\/\/elpueblonoticia.com.ar\/web\/wp-json\/wp\/v2\/posts\/7185\/revisions"}],"predecessor-version":[{"id":7187,"href":"https:\/\/elpueblonoticia.com.ar\/web\/wp-json\/wp\/v2\/posts\/7185\/revisions\/7187"}],"wp:featuredmedia":[{"embeddable":true,"href":"https:\/\/elpueblonoticia.com.ar\/web\/wp-json\/wp\/v2\/media\/7186"}],"wp:attachment":[{"href":"https:\/\/elpueblonoticia.com.ar\/web\/wp-json\/wp\/v2\/media?parent=7185"}],"wp:term":[{"taxonomy":"category","embeddable":true,"href":"https:\/\/elpueblonoticia.com.ar\/web\/wp-json\/wp\/v2\/categories?post=7185"},{"taxonomy":"post_tag","embeddable":true,"href":"https:\/\/elpueblonoticia.com.ar\/web\/wp-json\/wp\/v2\/tags?post=7185"}],"curies":[{"name":"wp","href":"https:\/\/api.w.org\/{rel}","templated":true}]}}