{"id":7156,"date":"2026-02-19T11:26:55","date_gmt":"2026-02-19T14:26:55","guid":{"rendered":"https:\/\/elpueblonoticia.com.ar\/web\/?p=7156"},"modified":"2026-02-19T11:26:55","modified_gmt":"2026-02-19T14:26:55","slug":"el-arzobispado-declaro-nulo-el-matrimonio-trans-celebrado-en-pompeya","status":"publish","type":"post","link":"https:\/\/elpueblonoticia.com.ar\/web\/2026\/02\/19\/el-arzobispado-declaro-nulo-el-matrimonio-trans-celebrado-en-pompeya\/","title":{"rendered":"El Arzobispado declar\u00f3 nulo el matrimonio trans celebrado en Pompeya"},"content":{"rendered":"<div id=\"modalIntrotext\">\n<div>El arzobispo explic\u00f3 que la nulidad opera &#8220;ipso facto&#8221; por incumplir condiciones can\u00f3nicas. El fray que celebr\u00f3 la uni\u00f3n defendi\u00f3 la orientaci\u00f3n pastoral aplicada y la parroquia ratific\u00f3 que reforzar\u00e1 controles para evitar situaciones similares.<\/div>\n<\/div>\n<div><\/div>\n<div id=\"modalFulltext\"><\/div>\n<div>\n<div class=\"contenido\">\n<div id=\"modalFulltext\">\n<div>La declaraci\u00f3n de nulidad del matrimonio celebrado el 28 de enero en la parroquia Nuestra Se\u00f1ora de Pompeya volvi\u00f3 a colocar en el centro del debate la relaci\u00f3n entre normativa can\u00f3nica, pr\u00e1ctica pastoral y diversidad dentro de la Iglesia Cat\u00f3lica en Corrientes.<\/div>\n<div>\n<div><\/div>\n<div>La decisi\u00f3n fue confirmada por el arzobispo Jos\u00e9 Adolfo Larregain, quien sostuvo que el v\u00ednculo carece de validez can\u00f3nica y ser\u00e1 formalmente anulado mediante decreto.<\/div>\n<\/div>\n<div>\n<div><\/div>\n<div>El caso se origin\u00f3 tras la celebraci\u00f3n del sacramento entre Solange Ayala e Isa\u00edas D\u00edaz N\u00fa\u00f1ez, una pareja trans que hab\u00eda logrado concretar la ceremonia religiosa luego de completar los pasos habituales de preparaci\u00f3n matrimonial.<\/div>\n<\/div>\n<div>\n<div><\/div>\n<div>Seg\u00fan relataron los contrayentes en medios locales, la celebraci\u00f3n hab\u00eda sido posible tras mantener entrevistas pastorales y presentar la documentaci\u00f3n requerida. La situaci\u00f3n tom\u00f3 estado p\u00fablico d\u00edas despu\u00e9s de la ceremonia, generando repercusiones dentro de la comunidad cat\u00f3lica y consultas a la autoridad eclesi\u00e1stica.<\/div>\n<\/div>\n<div>\n<div><\/div>\n<div>Al conocer la celebraci\u00f3n, el arzobispo explic\u00f3 que la Iglesia debe garantizar que los sacramentos cumplan requisitos esenciales establecidos por el derecho can\u00f3nico.<\/div>\n<\/div>\n<div>\n<div><\/div>\n<div>En declaraciones al medio cat\u00f3lico Crux, Larregain indic\u00f3 que, en casos como este, el matrimonio debe considerarse inv\u00e1lido desde su origen. &#8220;El v\u00ednculo se considera nulo ipso facto cuando no se cumplen los requisitos de materia y forma que la Iglesia establece para la validez sacramental&#8221;, afirm\u00f3.<\/div>\n<\/div>\n<div>\n<div><\/div>\n<div>El prelado sostuvo adem\u00e1s que la nulidad no implica rechazo pastoral hacia las personas involucradas. En ese sentido, remarc\u00f3 que la Iglesia busca acompa\u00f1ar a todas las personas, pero que la administraci\u00f3n de sacramentos exige condiciones precisas. Tambi\u00e9n advirti\u00f3 que situaciones de este tipo pueden generar confusi\u00f3n entre los fieles si no se clarifican desde la doctrina.<\/div>\n<\/div>\n<div>\n<div><\/div>\n<div>El pronunciamiento se suma al comunicado emitido d\u00edas antes, en el que se se\u00f1alaba que no hab\u00eda ingresado la documentaci\u00f3n eclesi\u00e1stica correspondiente para tramitar el matrimonio. Tras la difusi\u00f3n del caso, se inici\u00f3 el procedimiento can\u00f3nico que culmin\u00f3 con la declaraci\u00f3n de nulidad.<\/div>\n<\/div>\n<div>\n<div><\/div>\n<div>El matrimonio hab\u00eda sido celebrado por el fray Fernando Luis G\u00f3mez, quien defendi\u00f3 su actuaci\u00f3n en un comunicado p\u00fablico. El religioso sostuvo que la celebraci\u00f3n se realiz\u00f3 siguiendo criterios pastorales y normas eclesiales vigentes. En su mensaje, explic\u00f3 que el matrimonio cristiano exige condiciones can\u00f3nicas esenciales de validez y licitud.<\/div>\n<\/div>\n<div>\n<div><\/div>\n<div>Aclar\u00f3 adem\u00e1s que no se trata \u00fanicamente de cumplir formalidades administrativas. &#8220;El consentimiento debe ser verdadero y en consonancia con lo que la Iglesia entiende por matrimonio&#8221;, se\u00f1al\u00f3.<\/div>\n<\/div>\n<div>\n<div><\/div>\n<div>El fray evit\u00f3 brindar detalles espec\u00edficos del caso por respeto a la intimidad de la pareja. Sin embargo, reafirm\u00f3 el compromiso de la comunidad parroquial con la acogida pastoral. Tambi\u00e9n anunci\u00f3 que se reforzar\u00e1n procedimientos de entrevistas, preparaci\u00f3n y verificaci\u00f3n previa a la celebraci\u00f3n de sacramentos.<\/div>\n<\/div>\n<div>\n<div><\/div>\n<div>Desde la parroquia no se emitieron nuevos comunicados luego de la declaraci\u00f3n de nulidad. No obstante, fuentes eclesiales confirmaron que la instituci\u00f3n mantiene su postura de acompa\u00f1amiento pastoral dentro del marco doctrinal. El caso tuvo repercusi\u00f3n fuera del pa\u00eds y lleg\u00f3 a conocimiento de autoridades del Vaticano. Seg\u00fan publicaciones especializadas, el tema fue informado al papa Le\u00f3n XIV, aunque no hubo pronunciamientos oficiales. Medios internacionales y portales religiosos replicaron la noticia durante los \u00faltimos d\u00edas.<\/div>\n<div>Especialistas en Derecho Can\u00f3nico se\u00f1alaron que estos conflictos suelen surgir cuando se superponen interpretaciones pastorales y normativas sacramentales. El abogado can\u00f3nico Ricardo Lugo sostuvo que el caso pudo haber sido interpretado inicialmente como v\u00e1lido por la documentaci\u00f3n civil. Esto, explic\u00f3, debido a que los contrayentes figuraban registralmente con sexos distintos. Sin embargo, la revisi\u00f3n eclesi\u00e1stica posterior abri\u00f3 el debate sobre la validez sacramental.<\/div>\n<\/div>\n<div>\n<div><\/div>\n<div>En paralelo, organizaciones y activistas LGBT vinculados al catolicismo se\u00f1alaron que los cambios en la Iglesia suelen darse de manera gradual. Algunos referentes plantearon que la presencia activa de fieles LGBT dentro de comunidades religiosas puede impulsar transformaciones culturales a largo plazo.<\/div>\n<\/div>\n<div>\n<div><\/div>\n<div>Mientras tanto, el decreto de nulidad marcar\u00e1 el cierre administrativo del proceso can\u00f3nico. Pero el debate social y religioso sobre inclusi\u00f3n, doctrina y pastoral contin\u00faa abierto. En Corrientes, el caso gener\u00f3 discusiones tanto dentro de comunidades parroquiales como en \u00e1mbitos acad\u00e9micos y sociales. Para la jerarqu\u00eda eclesi\u00e1stica, el eje sigue siendo la preservaci\u00f3n del significado sacramental del matrimonio. Para sectores pastorales, el desaf\u00edo contin\u00faa siendo c\u00f3mo acompa\u00f1ar nuevas realidades sociales sin romper con la tradici\u00f3n doctrinal. Por ahora, la nulidad can\u00f3nica deja sin efecto el matrimonio religioso celebrado en enero.<\/div>\n<\/div>\n<div><\/div>\n<div>\n<div><\/div>\n<div><b>Decreto de nulidad<\/b><\/div>\n<\/div>\n<div><\/div>\n<div>\n<div><\/div>\n<div>Tras la declaraci\u00f3n de nulidad can\u00f3nica del matrimonio, ahora se abre una nueva instancia dentro del proceso eclesi\u00e1stico. El arzobispo Jos\u00e9 Adolfo Larregain confirm\u00f3 que el v\u00ednculo ser\u00e1 anulado formalmente mediante un decreto, aunque remarc\u00f3 que, desde el punto de vista doctrinal, la nulidad ya opera autom\u00e1ticamente.<\/div>\n<\/div>\n<div>\n<div><\/div>\n<div>En declaraciones al medio Crux, el prelado explic\u00f3 que en situaciones como esta el matrimonio se considera nulo &#8220;ipso facto&#8221;, al no cumplir con los requisitos exigidos por el Derecho Can\u00f3nico. &#8220;La nulidad es autom\u00e1tica, pero hace falta confirmarlo con un decreto&#8221;, sostuvo, seg\u00fan consign\u00f3 ese portal.<\/div>\n<\/div>\n<div>\n<div><\/div>\n<div>En este caso, el decreto final o sentencia de nulidad matrimonial en la Iglesia Cat\u00f3lica lo emite el Tribunal Eclesi\u00e1stico Diocesano, generalmente compuesto por un colegio de tres jueces (cl\u00e9rigos o laicos), tras un proceso judicial. Tras la reforma del papa Francisco, una sola sentencia en primera instancia es suficiente. La sentencia la dicta el tribunal del lugar donde se celebr\u00f3 el matrimonio.<\/div>\n<\/div>\n<\/div>\n<div>\n<div id=\"117986-4\"><\/div>\n<div id=\"117986-6\"><\/div>\n<div id=\"117986-3\"><\/div>\n<\/div>\n<\/div>\n<div class=\"modalRedes\"><\/div>\n<\/div>\n<div><\/div>\n<div><\/div>\n","protected":false},"excerpt":{"rendered":"<p>El arzobispo explic\u00f3 que la nulidad opera &#8220;ipso facto&#8221; por incumplir condiciones can\u00f3nicas. El fray que celebr\u00f3 la uni\u00f3n defendi\u00f3 la orientaci\u00f3n pastoral aplicada y la parroquia ratific\u00f3 que reforzar\u00e1 controles para evitar situaciones similares. La declaraci\u00f3n de nulidad del matrimonio celebrado el 28 de enero en la parroquia Nuestra Se\u00f1ora de Pompeya volvi\u00f3 a [&hellip;]<\/p>\n","protected":false},"author":2,"featured_media":7157,"comment_status":"open","ping_status":"open","sticky":false,"template":"","format":"standard","meta":{"footnotes":""},"categories":[78],"tags":[],"class_list":{"0":"post-7156","1":"post","2":"type-post","3":"status-publish","4":"format-standard","5":"has-post-thumbnail","7":"category-generales"},"_links":{"self":[{"href":"https:\/\/elpueblonoticia.com.ar\/web\/wp-json\/wp\/v2\/posts\/7156","targetHints":{"allow":["GET"]}}],"collection":[{"href":"https:\/\/elpueblonoticia.com.ar\/web\/wp-json\/wp\/v2\/posts"}],"about":[{"href":"https:\/\/elpueblonoticia.com.ar\/web\/wp-json\/wp\/v2\/types\/post"}],"author":[{"embeddable":true,"href":"https:\/\/elpueblonoticia.com.ar\/web\/wp-json\/wp\/v2\/users\/2"}],"replies":[{"embeddable":true,"href":"https:\/\/elpueblonoticia.com.ar\/web\/wp-json\/wp\/v2\/comments?post=7156"}],"version-history":[{"count":1,"href":"https:\/\/elpueblonoticia.com.ar\/web\/wp-json\/wp\/v2\/posts\/7156\/revisions"}],"predecessor-version":[{"id":7158,"href":"https:\/\/elpueblonoticia.com.ar\/web\/wp-json\/wp\/v2\/posts\/7156\/revisions\/7158"}],"wp:featuredmedia":[{"embeddable":true,"href":"https:\/\/elpueblonoticia.com.ar\/web\/wp-json\/wp\/v2\/media\/7157"}],"wp:attachment":[{"href":"https:\/\/elpueblonoticia.com.ar\/web\/wp-json\/wp\/v2\/media?parent=7156"}],"wp:term":[{"taxonomy":"category","embeddable":true,"href":"https:\/\/elpueblonoticia.com.ar\/web\/wp-json\/wp\/v2\/categories?post=7156"},{"taxonomy":"post_tag","embeddable":true,"href":"https:\/\/elpueblonoticia.com.ar\/web\/wp-json\/wp\/v2\/tags?post=7156"}],"curies":[{"name":"wp","href":"https:\/\/api.w.org\/{rel}","templated":true}]}}