{"id":7151,"date":"2026-02-19T09:05:11","date_gmt":"2026-02-19T12:05:11","guid":{"rendered":"https:\/\/elpueblonoticia.com.ar\/web\/?p=7151"},"modified":"2026-02-19T09:05:11","modified_gmt":"2026-02-19T12:05:11","slug":"148o-aniversario-de-la-batalla-de-ifran-2","status":"publish","type":"post","link":"https:\/\/elpueblonoticia.com.ar\/web\/2026\/02\/19\/148o-aniversario-de-la-batalla-de-ifran-2\/","title":{"rendered":"148\u00ba ANIVERSARIO DE LA BATALLA DE IFR\u00c1N"},"content":{"rendered":"<p class=\"x_MsoNormal\" data-olk-copy-source=\"MessageBody\">El acto recordatorio del 148\u00ba aniversario de la Batalla de Ifr\u00e1n se realizar\u00e1 este jueves, 19 de febrero, a partir de las 19 horas y junto al monolito ubicado en la Ruta Provincial 84.<\/p>\n<p class=\"x_MsoNormal\">El acto prev\u00e9:<\/p>\n<p class=\"x_MsoNormal\">Recepci\u00f3n de autoridades, invitados y vecinos.<\/p>\n<p class=\"x_MsoNormal\">Entonaci\u00f3n del Himno Nacional Argentino.<\/p>\n<p class=\"x_MsoNormal\">Minuto de silencio.<\/p>\n<p class=\"x_MsoNormal\">Ofrendas florales al pie del monolito.<\/p>\n<p class=\"x_MsoNormal\">Palabras a cargo del Dr. en Historia Enrique Deniri, presidente de la Junta de Historia de la Provincia de Corrientes.<\/p>\n<p class=\"x_MsoNormal\">Cierre musical a cargo de ni\u00f1os y j\u00f3venes artistas de la zona.<\/p>\n<p class=\"x_MsoNormal\">Desconcentraci\u00f3n.<\/p>\n<p class=\"x_MsoNormal\">Cabe recordar que, este enfrentamiento armado tuvo lugar el 19 de febrero de 1878 en los campos de Ifr\u00e1n, cerca de Goya, en el marco de una revoluci\u00f3n contra el gobernador de Corrientes, Manuel Derqui.<\/p>\n<p class=\"x_MsoNormal\">Direcci\u00f3n de Prensa &#8211; Municipalidad de Goya<\/p>\n","protected":false},"excerpt":{"rendered":"<p>El acto recordatorio del 148\u00ba aniversario de la Batalla de Ifr\u00e1n se realizar\u00e1 este jueves, 19 de febrero, a partir de las 19 horas y junto al monolito ubicado en la Ruta Provincial 84. El acto prev\u00e9: Recepci\u00f3n de autoridades, invitados y vecinos. Entonaci\u00f3n del Himno Nacional Argentino. Minuto de silencio. Ofrendas florales al pie [&hellip;]<\/p>\n","protected":false},"author":2,"featured_media":7152,"comment_status":"open","ping_status":"open","sticky":false,"template":"","format":"standard","meta":{"footnotes":""},"categories":[56],"tags":[],"class_list":{"0":"post-7151","1":"post","2":"type-post","3":"status-publish","4":"format-standard","5":"has-post-thumbnail","7":"category-locales"},"_links":{"self":[{"href":"https:\/\/elpueblonoticia.com.ar\/web\/wp-json\/wp\/v2\/posts\/7151","targetHints":{"allow":["GET"]}}],"collection":[{"href":"https:\/\/elpueblonoticia.com.ar\/web\/wp-json\/wp\/v2\/posts"}],"about":[{"href":"https:\/\/elpueblonoticia.com.ar\/web\/wp-json\/wp\/v2\/types\/post"}],"author":[{"embeddable":true,"href":"https:\/\/elpueblonoticia.com.ar\/web\/wp-json\/wp\/v2\/users\/2"}],"replies":[{"embeddable":true,"href":"https:\/\/elpueblonoticia.com.ar\/web\/wp-json\/wp\/v2\/comments?post=7151"}],"version-history":[{"count":1,"href":"https:\/\/elpueblonoticia.com.ar\/web\/wp-json\/wp\/v2\/posts\/7151\/revisions"}],"predecessor-version":[{"id":7153,"href":"https:\/\/elpueblonoticia.com.ar\/web\/wp-json\/wp\/v2\/posts\/7151\/revisions\/7153"}],"wp:featuredmedia":[{"embeddable":true,"href":"https:\/\/elpueblonoticia.com.ar\/web\/wp-json\/wp\/v2\/media\/7152"}],"wp:attachment":[{"href":"https:\/\/elpueblonoticia.com.ar\/web\/wp-json\/wp\/v2\/media?parent=7151"}],"wp:term":[{"taxonomy":"category","embeddable":true,"href":"https:\/\/elpueblonoticia.com.ar\/web\/wp-json\/wp\/v2\/categories?post=7151"},{"taxonomy":"post_tag","embeddable":true,"href":"https:\/\/elpueblonoticia.com.ar\/web\/wp-json\/wp\/v2\/tags?post=7151"}],"curies":[{"name":"wp","href":"https:\/\/api.w.org\/{rel}","templated":true}]}}