{"id":7125,"date":"2026-02-19T07:48:48","date_gmt":"2026-02-19T10:48:48","guid":{"rendered":"https:\/\/elpueblonoticia.com.ar\/web\/?p=7125"},"modified":"2026-02-19T07:48:48","modified_gmt":"2026-02-19T10:48:48","slug":"mas-zonas-mas-control-y-mas-tecnologia-asi-se-prepara-la-49-edicion-de-la-fiesta-nacional-del-surubi","status":"publish","type":"post","link":"https:\/\/elpueblonoticia.com.ar\/web\/2026\/02\/19\/mas-zonas-mas-control-y-mas-tecnologia-asi-se-prepara-la-49-edicion-de-la-fiesta-nacional-del-surubi\/","title":{"rendered":"M\u00c1S ZONAS, M\u00c1S CONTROL Y M\u00c1S TECNOLOG\u00cdA: AS\u00cd SE PREPARA LA 49\u00b0 EDICI\u00d3N DE LA FIESTA NACIONAL DEL SURUB\u00cd"},"content":{"rendered":"<p>&nbsp;<\/p>\n<p><img loading=\"lazy\" decoding=\"async\" class=\"alignnone size-medium wp-image-7129\" src=\"https:\/\/elpueblonoticia.com.ar\/web\/wp-content\/uploads\/2026\/02\/Captura-de-pantalla-2026-02-19-074553-300x219.png\" alt=\"\" width=\"300\" height=\"219\" srcset=\"https:\/\/elpueblonoticia.com.ar\/web\/wp-content\/uploads\/2026\/02\/Captura-de-pantalla-2026-02-19-074553-300x219.png 300w, https:\/\/elpueblonoticia.com.ar\/web\/wp-content\/uploads\/2026\/02\/Captura-de-pantalla-2026-02-19-074553-768x560.png 768w, https:\/\/elpueblonoticia.com.ar\/web\/wp-content\/uploads\/2026\/02\/Captura-de-pantalla-2026-02-19-074553-576x420.png 576w, https:\/\/elpueblonoticia.com.ar\/web\/wp-content\/uploads\/2026\/02\/Captura-de-pantalla-2026-02-19-074553-696x507.png 696w, https:\/\/elpueblonoticia.com.ar\/web\/wp-content\/uploads\/2026\/02\/Captura-de-pantalla-2026-02-19-074553-324x235.png 324w, https:\/\/elpueblonoticia.com.ar\/web\/wp-content\/uploads\/2026\/02\/Captura-de-pantalla-2026-02-19-074553.png 778w\" sizes=\"auto, (max-width: 300px) 100vw, 300px\" \/><img loading=\"lazy\" decoding=\"async\" class=\"alignnone size-full wp-image-7128\" src=\"https:\/\/elpueblonoticia.com.ar\/web\/wp-content\/uploads\/2026\/02\/Captura-de-pantalla-2026-02-19-074700.png\" alt=\"\" width=\"270\" height=\"176\" \/><\/p>\n<p class=\"x_MsoNormal\"><span lang=\"ES\" data-olk-copy-source=\"MessageBody\">Con la mirada puesta en la 49\u00b0 edici\u00f3n de la Fiesta Nacional del Surub\u00ed \u2014antesala de las bodas de oro del mayor concurso de pesca embarcada del mundo\u2014 la Comisi\u00f3n Municipal de Pesca (COMUPE) avanza a paso firme en cada uno de los detalles organizativos. La tarea de delinear objetivos, definir roles y planificar cada instancia para asegurar el \u00e9xito integral del torneo recae en el \u00e1rea de Log\u00edstica, que desde la Edici\u00f3n 20 tiene al frente a Juan Rafael Cenoz, un hombre clave en la consolidaci\u00f3n de este encuentro que ya es marca registrada como el Mundial de Pesca.<\/span><\/p>\n<p class=\"x_MsoNormal\"><span lang=\"ES\">Con el inicio del concurso previsto para el 27 de abril, el equipo log\u00edstico trabaja intensamente en la planificaci\u00f3n territorial, t\u00e9cnica y operativa que demanda un evento que convoca a 1400 equipos y miles de personas.<\/span><\/p>\n<p class=\"x_MsoNormal\"><span lang=\"ES\">El sistema de comunicaci\u00f3n es uno de los pilares fundamentales. Lo que en sus inicios se estructuraba exclusivamente a trav\u00e9s de VHF y handys, hoy combina esa base tradicional con telefon\u00eda celular y nuevas tecnolog\u00edas satelitales.<\/span><\/p>\n<p class=\"x_MsoNormal\"><span lang=\"ES\">\u00a0<\/span><\/p>\n<p class=\"x_MsoNormal\"><span lang=\"ES\">En ese sentido, Juan Cenoz explic\u00f3: \u201cS\u00ed, hay un equipo excelente, son radio operadores que est\u00e1n en la isla y despu\u00e9s ya todos los supervisores, los fiscales ya tienen todo equipo de VHF Marino, y este a\u00f1o pensamos adosar los Starlink m\u00f3viles para los supervisores, entonces hacemos un control m\u00e1s r\u00e1pido y m\u00e1s estricto, y si el centro de c\u00f3mputo est\u00e1 m\u00e1s actualizado en cuanto al resultado, m\u00e1s temprano ya vamos a tener los resultados\u201d, dijo el jefe de operaciones en comunicaci\u00f3n de la COMUPE.<\/span><\/p>\n<p class=\"x_MsoNormal\"><span lang=\"ES\">La incorporaci\u00f3n de Starlink m\u00f3viles permitir\u00e1 optimizar la transmisi\u00f3n de datos en tiempo real, fortaleciendo el control en cada zona y agilizando la carga de resultados, un aspecto central para la transparencia y eficiencia del concurso.<\/span><\/p>\n<p class=\"x_MsoNormal\"><span lang=\"ES\">\u00a0<\/span><\/p>\n<p class=\"x_MsoNormal\"><span lang=\"ES\">AMPLIACI\u00d3N DE ZONAS Y REDISTRIBUCI\u00d3N DE GRUPOS<\/span><\/p>\n<p class=\"x_MsoNormal\"><span lang=\"ES\">El crecimiento sostenido del Mundial de Pesca oblig\u00f3 a ampliar la cancha. De 12 zonas se pas\u00f3 a 13, y de 13 grupos a 14.<\/span><\/p>\n<p class=\"x_MsoNormal\"><span lang=\"ES\">Al respecto, Cenoz detall\u00f3: \u201cS\u00ed, inclusive este a\u00f1o ya se marc\u00f3 que en cualquier momento va a estar en la web la zona 13, que es la \u00faltima zona que est\u00e1 ya que llega hasta el Toro, los pescadores ya van a saber a qu\u00e9 me refiero, que es la zona 13\u201d.<\/span><\/p>\n<p class=\"x_MsoNormal\"><span lang=\"ES\">Y agreg\u00f3: \u201cSe tuvo que agregar una zona m\u00e1s para que est\u00e9n m\u00e1s separados los pescadores, porque antes eran 12 zonas y 13 grupos, ahora son 13 zonas y 14 grupos\u201d.<\/span><\/p>\n<p class=\"x_MsoNormal\"><span lang=\"ES\">En cuanto a la nueva distribuci\u00f3n, precis\u00f3: \u201cEl grupo 14 ser\u00eda el de los yates que son los que pescan en la misma zona del grupo A\u201d.<\/span><\/p>\n<p class=\"x_MsoNormal\"><span lang=\"ES\">Con 1400 equipos en competencia, el desaf\u00edo log\u00edstico es may\u00fasculo. Sin embargo, Cenoz transmiti\u00f3 tranquilidad: \u201cY s\u00ed, son 1400 equipos, as\u00ed que van a salir, no van a tener problema\u201d.<\/span><\/p>\n<p class=\"x_MsoNormal\"><span lang=\"ES\">EL COMPORTAMIENTO DEL R\u00cdO, UNA VARIABLE CLAVE<\/span><\/p>\n<p class=\"x_MsoNormal\"><span lang=\"ES\">La recorrida previa junto a fiscales y supervisores es fundamental para delimitar zonas, marcar la cancha y detectar posibles riesgos, siempre atentos al comportamiento cambiante del r\u00edo Paran\u00e1.<\/span><\/p>\n<p class=\"x_MsoNormal\"><span lang=\"ES\">Sobre la altura actual y las expectativas, manifest\u00f3: \u201cEsperemos que m\u00e1s o menos ayer anduvieron con 2.30 y 2.35 creo que estaba la semana pasada, hay lugares para pescar, no hay inconvenientes. Ojal\u00e1 Dios quiera tengamos un poquitito mejor altura del r\u00edo para que puedan navegar mejor las embarcaciones, que ese es el problema que solemos tener\u201d.<\/span><\/p>\n<p class=\"x_MsoNormal\"><span lang=\"ES\">Respecto a la \u00faltima inspecci\u00f3n fluvial, detall\u00f3: \u201cEl presidente no pudo estar, no tuvo tiempo. Estuvo el fiscal general Lorenz\u00f3n, despu\u00e9s tuvieron algunos supervisores y tuvo Andr\u00e9s Franco -el coordinador en la parte log\u00edstica y fiscalizaci\u00f3n con la COMUPE-, es una persona que se agreg\u00f3 este a\u00f1o\u201d.<\/span><\/p>\n<p class=\"x_MsoNormal\"><span lang=\"ES\">Con confianza en el equipo humano, sostuvo: \u201cHay gente con mucha experiencia y creo que no tenemos por qu\u00e9 equivocarnos. Nos vamos a equivocar porque sucede, pero sin mala intenci\u00f3n\u201d.<\/span><\/p>\n<p class=\"x_MsoNormal\"><span lang=\"ES\">FORMACI\u00d3N DE NUEVOS REFERENTES Y TRABAJO PREVENTIVO<\/span><\/p>\n<p class=\"x_MsoNormal\"><span lang=\"ES\">Con la experiencia que le dan a\u00f1os de servicio, Cenoz tambi\u00e9n impulsa la formaci\u00f3n de nuevos colaboradores que garanticen continuidad en el \u00e1rea.<\/span><\/p>\n<p class=\"x_MsoNormal\"><span lang=\"ES\">En ese marco indic\u00f3: \u201cHay gente que se est\u00e1 preparando, hay gente nueva que queremos que se vayan acoplando ya que es necesario porque nuestro concurso es muy grande, y se requiere gente con experiencia y responsable\u201d.<\/span><\/p>\n<p class=\"x_MsoNormal\"><span lang=\"ES\">Las antenas \u2014instaladas hace tres a\u00f1os\u2014 fueron nuevamente testeadas en las zonas ampliadas. Sobre esa verificaci\u00f3n t\u00e9cnica explic\u00f3: \u201cLas antenas ya est\u00e1n instaladas hace 3 a\u00f1os, como se alarg\u00f3 un poquito la zona, la intenci\u00f3n del supervisor de esa zona y los fiscales fue ir a probar de d\u00eda y a la tarde tambi\u00e9n si hab\u00eda una buena comunicaci\u00f3n y evidentemente hab\u00eda buena comunicaci\u00f3n, as\u00ed que los puestos sanitarios van a estar en el mismo lugar, no se va a mover, contamos tambi\u00e9n con dos m\u00e9dicos que van a estar en la zona de isla, y en cuanto a lo que fue los recorridos, ya tenemos por costumbre cuando el r\u00edo est\u00e1 2.10, 2.30, 2.60 ir viendo y a semanas del inicio del concurso saber d\u00f3nde est\u00e1n las zonas peligrosas, aunque el tema del r\u00edo cambia y teniendo precauci\u00f3n y que los fiscales y los supervisores vayan teniendo para que el d\u00eda que est\u00e9n en el parque cerrado vayan instruyendo bien a los participantes\u201d.<\/span><\/p>\n<p class=\"x_MsoNormal\"><span lang=\"ES\">Y a\u00f1adi\u00f3, pensando en los debutantes: \u201cAlgunos conocen bien, pero hay otros de afuera que por primera vez vienen al Mundial de Pesca que hay que ir dici\u00e9ndole\u201d.<\/span><\/p>\n<p class=\"x_MsoNormal\"><span lang=\"ES\">PARQUES CERRADOS Y DISTRIBUCI\u00d3N DEFINITIVA<\/span><\/p>\n<p class=\"x_MsoNormal\"><span lang=\"ES\">En relaci\u00f3n a los parques cerrados y su se\u00f1alizaci\u00f3n cartogr\u00e1fica, Cenoz explic\u00f3: \u201cLo que hicimos ayer fue marcar los parques cerrados que, si se van a estar igual que el a\u00f1o pasado, ya anduvo con nosotros Lomonaco, que es el encargado de hacer las marcaciones e informar a Telco para que ya est\u00e9 en el mapa -que va a estar en la web- inclusive van a estar marcadas las zonas y lo que quieren ir a realizar no van a tener problema, van a poder ir a recorrer sin ning\u00fan inconveniente\u201d.<\/span><\/p>\n<p class=\"x_MsoNormal\"><span lang=\"ES\">\u00a0<\/span><\/p>\n<p class=\"x_MsoNormal\"><span lang=\"ES\">Y adelant\u00f3: \u201cEn Semana Santa van a poder recorrer perfectamente\u201d.<\/span><\/p>\n<p class=\"x_MsoNormal\"><span lang=\"ES\">Finalmente, detall\u00f3 la distribuci\u00f3n de los grupos: \u201cEl parque cerrado comienza que son los yates, van a estar m\u00e1s o menos frente al n\u00e1utico y el grupo A, que son los de 1 a 25 HP eso van a estar un poco m\u00e1s arriba y frente a la playita comienza el grupo L -que son los grandes- en el riacho est\u00e1n tres grupos, y de van hasta un poco m\u00e1s abajo de Lavalle, y la isla de los malloneros que est\u00e1 enfrente, ah\u00ed van a estar cuatro grupos B, C, D y E, es igual que lo que fue el a\u00f1o pasado\u201d, concluy\u00f3 Juan Rafael Cenoz.<\/span><\/p>\n<p class=\"x_MsoNormal\"><span lang=\"ES\">\u00a0<\/span><\/p>\n<p class=\"x_MsoNormal\"><span lang=\"ES\">\u00a0<\/span><\/p>\n<p class=\"x_MsoNormal\"><span lang=\"ES\">Direcci\u00f3n de Prensa \u2013 Municipalidad de Goya.<\/span><\/p>\n","protected":false},"excerpt":{"rendered":"<p>&nbsp; Con la mirada puesta en la 49\u00b0 edici\u00f3n de la Fiesta Nacional del Surub\u00ed \u2014antesala de las bodas de oro del mayor concurso de pesca embarcada del mundo\u2014 la Comisi\u00f3n Municipal de Pesca (COMUPE) avanza a paso firme en cada uno de los detalles organizativos. La tarea de delinear objetivos, definir roles y planificar [&hellip;]<\/p>\n","protected":false},"author":2,"featured_media":7127,"comment_status":"open","ping_status":"open","sticky":false,"template":"","format":"standard","meta":{"footnotes":""},"categories":[56],"tags":[],"class_list":{"0":"post-7125","1":"post","2":"type-post","3":"status-publish","4":"format-standard","5":"has-post-thumbnail","7":"category-locales"},"_links":{"self":[{"href":"https:\/\/elpueblonoticia.com.ar\/web\/wp-json\/wp\/v2\/posts\/7125","targetHints":{"allow":["GET"]}}],"collection":[{"href":"https:\/\/elpueblonoticia.com.ar\/web\/wp-json\/wp\/v2\/posts"}],"about":[{"href":"https:\/\/elpueblonoticia.com.ar\/web\/wp-json\/wp\/v2\/types\/post"}],"author":[{"embeddable":true,"href":"https:\/\/elpueblonoticia.com.ar\/web\/wp-json\/wp\/v2\/users\/2"}],"replies":[{"embeddable":true,"href":"https:\/\/elpueblonoticia.com.ar\/web\/wp-json\/wp\/v2\/comments?post=7125"}],"version-history":[{"count":1,"href":"https:\/\/elpueblonoticia.com.ar\/web\/wp-json\/wp\/v2\/posts\/7125\/revisions"}],"predecessor-version":[{"id":7130,"href":"https:\/\/elpueblonoticia.com.ar\/web\/wp-json\/wp\/v2\/posts\/7125\/revisions\/7130"}],"wp:featuredmedia":[{"embeddable":true,"href":"https:\/\/elpueblonoticia.com.ar\/web\/wp-json\/wp\/v2\/media\/7127"}],"wp:attachment":[{"href":"https:\/\/elpueblonoticia.com.ar\/web\/wp-json\/wp\/v2\/media?parent=7125"}],"wp:term":[{"taxonomy":"category","embeddable":true,"href":"https:\/\/elpueblonoticia.com.ar\/web\/wp-json\/wp\/v2\/categories?post=7125"},{"taxonomy":"post_tag","embeddable":true,"href":"https:\/\/elpueblonoticia.com.ar\/web\/wp-json\/wp\/v2\/tags?post=7125"}],"curies":[{"name":"wp","href":"https:\/\/api.w.org\/{rel}","templated":true}]}}