{"id":7103,"date":"2026-02-18T12:00:30","date_gmt":"2026-02-18T15:00:30","guid":{"rendered":"https:\/\/elpueblonoticia.com.ar\/web\/?p=7103"},"modified":"2026-02-18T12:00:30","modified_gmt":"2026-02-18T15:00:30","slug":"juan-pablo-vamos-a-hacer-una-propuesta-salarial","status":"publish","type":"post","link":"https:\/\/elpueblonoticia.com.ar\/web\/2026\/02\/18\/juan-pablo-vamos-a-hacer-una-propuesta-salarial\/","title":{"rendered":"Juan Pablo: \u00abVamos a hacer una propuesta salarial\u00bb"},"content":{"rendered":"<p><em>l Gobernador confirm\u00f3 que la provincia presentar\u00e1 una propuesta salarial a los docentes, en un contexto de recaudaci\u00f3n en baja, inflaci\u00f3n superior a la prevista y presupuesto decreciente, al tiempo que ratific\u00f3 la continuidad de la ayuda y la canasta escolar, y defendi\u00f3 la autonom\u00eda provincial para definir la recomposici\u00f3n.<\/em><\/p>\n<p>El gobernador Juan Pablo Vald\u00e9s afirm\u00f3 que el Ejecutivo provincial presentar\u00e1 una propuesta salarial en el marco de la reuni\u00f3n entre el Ministerio de Educaci\u00f3n, el Ministerio de Hacienda y los gremios docentes, al tiempo que advirti\u00f3 sobre las limitaciones presupuestarias que condicionan la negociaci\u00f3n.\u00a0<em>\u201cHoy un d\u00eda importante en lo que es la discusi\u00f3n de comienzo de clases, discusi\u00f3n de aumentos, as\u00ed que bueno, estamos atentos a las negociaciones que viene llevando adelante el Ministro de Hacienda\u201d<\/em>, expres\u00f3 minutos antes del encuentro, en referencia al inicio formal del di\u00e1logo paritario de cara al ciclo lectivo.<\/p>\n<p>En ese contexto, el mandatario provincial describi\u00f3 un escenario fiscal adverso, marcado por la ca\u00edda de la recaudaci\u00f3n y un incremento inflacionario superior al previsto.\u00a0<em>\u201cRecordemos la recaudaci\u00f3n sigue cayendo, la cuesti\u00f3n de IVA no crece, la inflaci\u00f3n creci\u00f3 por encima, lo estimado en enero\u201d<\/em>, se\u00f1al\u00f3, al explicar que la provincia debe administrar sus recursos en un marco de ingresos restringidos. Seg\u00fan indic\u00f3, el presupuesto vigente\u00a0<em>\u201cno ha crecido y por el contrario viene decreciendo\u201d<\/em>, lo que complejiza la definici\u00f3n de mejoras salariales.<\/p>\n<p>Vald\u00e9s sostuvo que el Gobierno trabaja\u00a0<em>\u201cdentro de un presupuesto que est\u00e1 acotado\u201d\u00a0<\/em>y que se buscan\u00a0<em>\u201clas mejores opciones, entendiendo que tenemos que responder tambi\u00e9n a una cuesti\u00f3n salarial\u201d<\/em>. En esa l\u00ednea,\u00a0<strong>remarc\u00f3 la voluntad oficial de evitar conflictos que afecten el normal inicio de clases y afirm\u00f3 que el objetivo es sostener el di\u00e1logo<\/strong>:\u00a0<em>\u201cSiempre tratando de que esta cuesti\u00f3n nos llegue al paro, por supuesto, nosotros tratamos de explicar que el recurso hoy es escaso y que los tiempos han cambiado, y bueno, con eso vamos a llegar a una propuesta, vamos a conversar, a tratar de dialogar, y que la raz\u00f3n sea lo que prime\u201d<\/em>.<\/p>\n<h2 class=\"wp-block-heading\">ALCANCE DE LA PROPUESTA Y COMPONENTES COMPLEMENTARIOS<\/h2>\n<p>Ante la consulta sobre si los n\u00fameros provinciales permitir\u00edan otorgar un incremento, el gobernador respondi\u00f3:\u00a0<em>\u201cVamos a hacer una propuesta salarial, siempre entendiendo que nosotros tenemos un presupuesto que como ustedes muy bien dicen, no ha crecido y por el contrario viene decreciendo y eso hace que la cuesti\u00f3n sea compleja, as\u00ed que bueno, vamos a llevar de todas maneras una propuesta\u201d<\/em>.<\/p>\n<p><strong>De este modo, confirm\u00f3 la decisi\u00f3n de presentar una oferta formal, aunque supeditada a las restricciones fiscales expuestas.<\/strong><\/p>\n<p>En relaci\u00f3n con los adicionales vinculados al inicio del ciclo lectivo, el mandatario ratific\u00f3 que se mantendr\u00e1n los esquemas habituales y que se evaluar\u00e1n posibles mejoras.\u00a0<em>\u201cVa a haber ayuda escolar como siempre en mes de marzo\u201d<\/em>, afirm\u00f3, y agreg\u00f3 que tambi\u00e9n se implementar\u00e1 la canasta escolar:\u00a0<em>\u201cVa a haber canasta escolar, como lo hay siempre, vamos a trabajar en mejorar todos los \u00edtems\u201d.<\/em><\/p>\n<p>Asimismo, indic\u00f3 que la propuesta se encuentra en etapa de an\u00e1lisis junto al equipo econ\u00f3mico provincial.\u00a0<em>\u201cEstamos analizando justamente con el ministro Rivas c\u00f3mo y cu\u00e1ndo va a ser la mejor propuesta y qu\u00e9 va a ser disponible\u201d<\/em>, explic\u00f3, en alusi\u00f3n al trabajo t\u00e9cnico previo a la presentaci\u00f3n formal ante los gremios.<\/p>\n<h2 class=\"wp-block-heading\">RELACI\u00d3N CON LA POL\u00cdTICA SALARIAL NACIONAL Y AUTONOM\u00cdA PROVINCIAL<\/h2>\n<p>Consultado sobre la existencia de lineamientos nacionales que establezcan topes a los incrementos provinciales, Vald\u00e9s reconoci\u00f3 que \u201chay una propuesta por parte de Naci\u00f3n de cu\u00e1nto hay que aumentar y en qu\u00e9 banda\u201d, aunque remarc\u00f3 la autonom\u00eda de la jurisdicci\u00f3n en la determinaci\u00f3n final. \u201cNosotros, de todas maneras, somos la provincia y sabemos qu\u00e9 es lo que tenemos que hacer y cu\u00e1l es la recomposici\u00f3n que tenemos que dar\u201d, sostuvo, dejando en claro que la decisi\u00f3n ser\u00e1 adoptada en funci\u00f3n de la realidad fiscal correntina.<\/p>\n","protected":false},"excerpt":{"rendered":"<p>l Gobernador confirm\u00f3 que la provincia presentar\u00e1 una propuesta salarial a los docentes, en un contexto de recaudaci\u00f3n en baja, inflaci\u00f3n superior a la prevista y presupuesto decreciente, al tiempo que ratific\u00f3 la continuidad de la ayuda y la canasta escolar, y defendi\u00f3 la autonom\u00eda provincial para definir la recomposici\u00f3n. El gobernador Juan Pablo Vald\u00e9s [&hellip;]<\/p>\n","protected":false},"author":2,"featured_media":7104,"comment_status":"open","ping_status":"open","sticky":false,"template":"","format":"standard","meta":{"footnotes":""},"categories":[66],"tags":[],"class_list":{"0":"post-7103","1":"post","2":"type-post","3":"status-publish","4":"format-standard","5":"has-post-thumbnail","7":"category-politica-nacionales"},"_links":{"self":[{"href":"https:\/\/elpueblonoticia.com.ar\/web\/wp-json\/wp\/v2\/posts\/7103","targetHints":{"allow":["GET"]}}],"collection":[{"href":"https:\/\/elpueblonoticia.com.ar\/web\/wp-json\/wp\/v2\/posts"}],"about":[{"href":"https:\/\/elpueblonoticia.com.ar\/web\/wp-json\/wp\/v2\/types\/post"}],"author":[{"embeddable":true,"href":"https:\/\/elpueblonoticia.com.ar\/web\/wp-json\/wp\/v2\/users\/2"}],"replies":[{"embeddable":true,"href":"https:\/\/elpueblonoticia.com.ar\/web\/wp-json\/wp\/v2\/comments?post=7103"}],"version-history":[{"count":1,"href":"https:\/\/elpueblonoticia.com.ar\/web\/wp-json\/wp\/v2\/posts\/7103\/revisions"}],"predecessor-version":[{"id":7105,"href":"https:\/\/elpueblonoticia.com.ar\/web\/wp-json\/wp\/v2\/posts\/7103\/revisions\/7105"}],"wp:featuredmedia":[{"embeddable":true,"href":"https:\/\/elpueblonoticia.com.ar\/web\/wp-json\/wp\/v2\/media\/7104"}],"wp:attachment":[{"href":"https:\/\/elpueblonoticia.com.ar\/web\/wp-json\/wp\/v2\/media?parent=7103"}],"wp:term":[{"taxonomy":"category","embeddable":true,"href":"https:\/\/elpueblonoticia.com.ar\/web\/wp-json\/wp\/v2\/categories?post=7103"},{"taxonomy":"post_tag","embeddable":true,"href":"https:\/\/elpueblonoticia.com.ar\/web\/wp-json\/wp\/v2\/tags?post=7103"}],"curies":[{"name":"wp","href":"https:\/\/api.w.org\/{rel}","templated":true}]}}