{"id":7099,"date":"2026-02-18T10:20:02","date_gmt":"2026-02-18T13:20:02","guid":{"rendered":"https:\/\/elpueblonoticia.com.ar\/web\/?p=7099"},"modified":"2026-02-18T10:20:02","modified_gmt":"2026-02-18T13:20:02","slug":"gobierno-y-docentes-se-reunirian-hoy-con-los-salarios-en-agenda","status":"publish","type":"post","link":"https:\/\/elpueblonoticia.com.ar\/web\/2026\/02\/18\/gobierno-y-docentes-se-reunirian-hoy-con-los-salarios-en-agenda\/","title":{"rendered":"Gobierno y docentes se reunir\u00edan hoy con los salarios en agenda"},"content":{"rendered":"<p><em>a ministra de Educaci\u00f3n, Ana Mi\u00f1o, en coordinaci\u00f3n con el Ministerio de Hacienda, mantendr\u00e1 este mi\u00e9rcoles un encuentro con los sindicatos docentes en el marco de estudios econ\u00f3micos y con el compromiso del gobernador Juan Pablo Vald\u00e9s de buscar \u00abla mejor soluci\u00f3n\u00bb para el sector ante el inicio del ciclo lectivo.<\/em><\/p>\n<p><strong>EN BUSCA DEL ACTA DE ACUERDO.\u00a0<\/strong>La reuni\u00f3n marcar\u00eda el inicio formal de la discusi\u00f3n salarial docente dentro de un proceso de di\u00e1logo institucional que el Ministerio de Educaci\u00f3n sostiene con los gremios.<\/p>\n<p>Fuentes de Educaci\u00f3n confirmaron a\u00a0<strong>EL LIBERTADOR\u00a0<\/strong>que el Ministerio y los gremios docentes se reunir\u00e1n hoy a las 11 horas en la sede ministerial para avanzar en la discusi\u00f3n salarial, en el marco de un proceso de di\u00e1logo que se mantiene abierto y sostenido hacia el inicio del ciclo lectivo.<\/p>\n<p>La convocatoria se inscribe en una serie de encuentros formales que la cartera que encabeza la ministra Ana Mi\u00f1o viene desarrollando con las organizaciones sindicales con representaci\u00f3n en el sistema educativo provincial, con el objetivo de canalizar planteos y encauzar las demandas del sector.<\/p>\n<p>D\u00edas atr\u00e1s, la Ministra precis\u00f3 que ya se concretaron reuniones formales con cinco de los seis gremios con representaci\u00f3n en el \u00e1mbito educativo provincial. Estos encuentros, explic\u00f3, se realizaron respetando las modalidades y los tiempos propuestos por las propias entidades sindicales, lo que permiti\u00f3 estructurar instancias de intercambio ajustadas a las din\u00e1micas internas de cada organizaci\u00f3n y garantizar un \u00e1mbito institucional adecuado para el tratamiento de los temas planteados.<\/p>\n<p>De acuerdo con lo informado, las reuniones previas estuvieron orientadas a escuchar las inquietudes y propuestas de los gremios en un contexto particularmente sensible como el comienzo de clases. En ese marco, Mi\u00f1o subray\u00f3 que<strong>\u00a0el Ministerio procura asegurar que todas las expresiones del sector docente fueran consideradas dentro de la planificaci\u00f3n general de las pol\u00edticas educativas.<\/strong><\/p>\n<p>La funcionaria destac\u00f3 que estos espacios se desarrollaron bajo una din\u00e1mica de escucha activa e intercambio directo. En ese sentido, se\u00f1al\u00f3 que los gremios<em>\u00a0\u00abestuvieron el tiempo que ellos propusieron, se los escuch\u00f3, conversamos, hicieron planteos\u00bb<\/em>, remarcando que muchas de esas demandas ya hab\u00edan sido expuestas p\u00fablicamente por los propios representantes sindicales en distintas instancias.<\/p>\n<p>Seg\u00fan indic\u00f3, el objetivo central de estas reuniones fue consolidar un mecanismo institucional que permita incorporar las preocupaciones del sector docente a la agenda de gesti\u00f3n, garantizando previsibilidad y transparencia en el tratamiento de los reclamos, especialmente en un momento clave del calendario escolar.<\/p>\n<p><strong>PR\u00c1CTICA INSTITUCIONAL Y MARCO DE ENTENDIMIENTO<\/strong><\/p>\n<p>Cabe remarcar que el di\u00e1logo con las organizaciones sindicales no constituye una instancia excepcional, sino que forma parte de una pr\u00e1ctica habitual del Ministerio de Educaci\u00f3n.<\/p>\n<p>En ese sentido, Mi\u00f1o remarc\u00f3 que existe voluntad pol\u00edtica de sostener estos espacios de manera permanente, entendiendo que el intercambio sistem\u00e1tico contribuye a la estabilidad del sistema educativo y a la construcci\u00f3n de consensos en torno a las decisiones de gesti\u00f3n.<\/p>\n<p>En esa l\u00ednea, explic\u00f3 que la intenci\u00f3n de la cartera no es limitar el v\u00ednculo con los gremios a reuniones aisladas o coyunturales, sino fortalecer un proceso continuo de comunicaci\u00f3n que permita abordar los planteos de manera ordenada.<\/p>\n<p>Este enfoque busca, seg\u00fan detall\u00f3, evitar la acumulaci\u00f3n de conflictos y facilitar respuestas institucionales dentro de los marcos legales y administrativos vigentes.<\/p>\n<p>La Ministra reconoci\u00f3 que el inicio del ciclo lectivo suele estar atravesado por tensiones propias de la discusi\u00f3n de condiciones laborales y salariales. No obstante, se\u00f1al\u00f3 que<strong>\u00a0la relaci\u00f3n institucional con las entidades sindicales se desarrolla en un marco de respeto mutuo y predisposici\u00f3n al entendimiento, lo que permite sostener canales de di\u00e1logo aun en contextos de demandas intensas.<\/strong><\/p>\n<p>Asimismo, enfatiz\u00f3 que el Ministerio reconoce el rol de los gremios como actores centrales del sistema educativo provincial. En ese sentido, ratific\u00f3 la decisi\u00f3n de mantener \u00e1mbitos formales de intercambio como herramienta fundamental para la gesti\u00f3n, entendiendo que la participaci\u00f3n sindical forma parte de la estructura institucional del sector.<\/p>\n<p>La funcionaria consider\u00f3 que la consolidaci\u00f3n de estos espacios contribuye a dotar de mayor legitimidad a las pol\u00edticas educativas, al incorporar la perspectiva de quienes representan a los trabajadores de la educaci\u00f3n y participan activamente en el funcionamiento cotidiano de las instituciones escolares.<\/p>\n<h2 class=\"wp-block-heading\">Paritarias<\/h2>\n<p>En relaci\u00f3n con la negociaci\u00f3n paritaria, Mi\u00f1o confirm\u00f3 que la discusi\u00f3n salarial se abordar\u00eda este mi\u00e9rcoles en un nuevo encuentro con las organizaciones gremiales. De esta manera, la agenda de trabajo ingresaba en una etapa espec\u00edfica orientada a analizar las condiciones salariales del sector docente.<\/p>\n<p>Al referirse a este punto, la Ministra expres\u00f3 que\u00a0<em>\u00abahora viene una conversaci\u00f3n que tiene que ver con lo salarial\u00bb<\/em>, aclarando que la instancia paritaria constituye un proceso diferenciado dentro del esquema general de di\u00e1logo y que se rige por procedimientos administrativos y financieros espec\u00edficos.<\/p>\n<p>Explic\u00f3 adem\u00e1s que la negociaci\u00f3n se desarrolla de manera conjunta con el Ministerio de Hacienda, dado que cualquier definici\u00f3n en materia salarial requiere la intervenci\u00f3n de las \u00e1reas responsables de la planificaci\u00f3n presupuestaria y del an\u00e1lisis de recursos disponibles.<\/p>\n<h2 class=\"wp-block-heading\">Prudencia<\/h2>\n<p>Mi\u00f1o subray\u00f3 la necesidad de actuar con prudencia en el actual escenario econ\u00f3mico. Al respecto, afirm\u00f3 que<em>\u00a0\u00abhay que tener un poquito de paciencia porque tambi\u00e9n se est\u00e1n haciendo estudios de los n\u00fameros\u00bb<\/em>, en referencia a los an\u00e1lisis financieros que preceden a cualquier propuesta salarial.<\/p>\n<p>La Ministra explic\u00f3 que la provincia no se encuentra aislada del contexto macroecon\u00f3mico nacional y que las decisiones vinculadas a los salarios deben contemplar la evoluci\u00f3n de variables econ\u00f3micas generales, as\u00ed como la disponibilidad efectiva de recursos en el presupuesto provincial.<\/p>\n<p>En esa l\u00ednea, se\u00f1al\u00f3 que las definiciones salariales deben inscribirse en un esquema de responsabilidad fiscal que permita garantizar la sustentabilidad de las medidas adoptadas, evitando compromisos que no puedan sostenerse en el tiempo.<\/p>\n<h2 class=\"wp-block-heading\">Compromiso provincial<\/h2>\n<p>Mi\u00f1o asegur\u00f3 que existe un compromiso del Poder Ejecutivo provincial para avanzar en una respuesta a las demandas docentes. En ese sentido, afirm\u00f3 que\u00a0<em>\u00abel Gobernador est\u00e1 m\u00e1s que preocupado con esta situaci\u00f3n y est\u00e1 buscando la mejor, estamos entre todos buscando la mejor soluci\u00f3n para dar una respuesta como corresponde\u00bb.<\/em><\/p>\n<p>La Ministra interpret\u00f3 este posicionamiento como una se\u00f1al de prioridad pol\u00edtica en relaci\u00f3n con el sector educativo, en un contexto donde la discusi\u00f3n salarial adquiere centralidad en la agenda p\u00fablica y sindical.<\/p>\n<p>Indic\u00f3 que el objetivo del Gobierno provincial es alcanzar una soluci\u00f3n que contemple las demandas planteadas por los gremios, dentro de los m\u00e1rgenes que permita la realidad econ\u00f3mica y financiera actual.<\/p>\n","protected":false},"excerpt":{"rendered":"<p>a ministra de Educaci\u00f3n, Ana Mi\u00f1o, en coordinaci\u00f3n con el Ministerio de Hacienda, mantendr\u00e1 este mi\u00e9rcoles un encuentro con los sindicatos docentes en el marco de estudios econ\u00f3micos y con el compromiso del gobernador Juan Pablo Vald\u00e9s de buscar \u00abla mejor soluci\u00f3n\u00bb para el sector ante el inicio del ciclo lectivo. EN BUSCA DEL ACTA [&hellip;]<\/p>\n","protected":false},"author":2,"featured_media":7100,"comment_status":"open","ping_status":"open","sticky":false,"template":"","format":"standard","meta":{"footnotes":""},"categories":[66],"tags":[],"class_list":{"0":"post-7099","1":"post","2":"type-post","3":"status-publish","4":"format-standard","5":"has-post-thumbnail","7":"category-politica-nacionales"},"_links":{"self":[{"href":"https:\/\/elpueblonoticia.com.ar\/web\/wp-json\/wp\/v2\/posts\/7099","targetHints":{"allow":["GET"]}}],"collection":[{"href":"https:\/\/elpueblonoticia.com.ar\/web\/wp-json\/wp\/v2\/posts"}],"about":[{"href":"https:\/\/elpueblonoticia.com.ar\/web\/wp-json\/wp\/v2\/types\/post"}],"author":[{"embeddable":true,"href":"https:\/\/elpueblonoticia.com.ar\/web\/wp-json\/wp\/v2\/users\/2"}],"replies":[{"embeddable":true,"href":"https:\/\/elpueblonoticia.com.ar\/web\/wp-json\/wp\/v2\/comments?post=7099"}],"version-history":[{"count":1,"href":"https:\/\/elpueblonoticia.com.ar\/web\/wp-json\/wp\/v2\/posts\/7099\/revisions"}],"predecessor-version":[{"id":7101,"href":"https:\/\/elpueblonoticia.com.ar\/web\/wp-json\/wp\/v2\/posts\/7099\/revisions\/7101"}],"wp:featuredmedia":[{"embeddable":true,"href":"https:\/\/elpueblonoticia.com.ar\/web\/wp-json\/wp\/v2\/media\/7100"}],"wp:attachment":[{"href":"https:\/\/elpueblonoticia.com.ar\/web\/wp-json\/wp\/v2\/media?parent=7099"}],"wp:term":[{"taxonomy":"category","embeddable":true,"href":"https:\/\/elpueblonoticia.com.ar\/web\/wp-json\/wp\/v2\/categories?post=7099"},{"taxonomy":"post_tag","embeddable":true,"href":"https:\/\/elpueblonoticia.com.ar\/web\/wp-json\/wp\/v2\/tags?post=7099"}],"curies":[{"name":"wp","href":"https:\/\/api.w.org\/{rel}","templated":true}]}}