{"id":7095,"date":"2026-02-18T10:12:27","date_gmt":"2026-02-18T13:12:27","guid":{"rendered":"https:\/\/elpueblonoticia.com.ar\/web\/?p=7095"},"modified":"2026-02-18T10:12:27","modified_gmt":"2026-02-18T13:12:27","slug":"el-congreso-de-peru-destituyo-a-jose-jeri-el-septimo-presidente-en-caer-en-10-anos","status":"publish","type":"post","link":"https:\/\/elpueblonoticia.com.ar\/web\/2026\/02\/18\/el-congreso-de-peru-destituyo-a-jose-jeri-el-septimo-presidente-en-caer-en-10-anos\/","title":{"rendered":"El Congreso de Per\u00fa destituy\u00f3 a Jos\u00e9 Jer\u00ed, el s\u00e9ptimo presidente en caer en 10 a\u00f1os"},"content":{"rendered":"<div id=\"modalIntrotext\">\n<div><img decoding=\"async\" src=\"https:\/\/www.powernoticias.com\/images\/202602172047387317\" \/><\/div>\n<div>El mandatario, que asumi\u00f3 hace cuatro meses de manera interina, enfrenta investigaciones por tr\u00e1fico de influencias; enfrentaba siete mociones de censura. Con 75 votos a favor, 24 en contra y 3 abstenciones, Jer\u00ed fue removido del cargo al que hab\u00eda llegado como jefe del Congreso -y ante la falta de un vicepresidente- el 10 de octubre luego de que fue destituida su antecesora, Dina Boluarte (2022-2025)<\/div>\n<div><\/div>\n<div><\/div>\n<div><\/div>\n<div>\u00a0 \u00a0LIMA.\u2013 El Congreso de Per\u00fa resolvi\u00f3 este martes en una sesi\u00f3n extraordinaria de juicio pol\u00edtico destituir al presidente interino Jos\u00e9 Jer\u00ed, el s\u00e9ptimo jefe de Estado en 10 a\u00f1os, quien hab\u00eda asumido el cargo hace apenas cuatro meses, por inconducta funcional y falta de idoneidad para ejercer el cargo.<\/p>\n<p>\u201cLa mesa directiva declara la vacancia del presidente de la rep\u00fablica\u201d, anunci\u00f3 el jefe encargado del Congreso, Fernando Rospigliosi. El parlamento elegir\u00e1 el mi\u00e9rcoles a un nuevo jefe del legislativo, quien autom\u00e1ticamente asumir\u00e1 la presidencia interina de Per\u00fa hasta el 28 de julio, cuando asuma el candidato que la poblaci\u00f3n elija en las elecciones del 12 de abril.<\/p>\n<p>Con 75 votos a favor, 24 en contra y 3 abstenciones, Jer\u00ed fue removido del cargo al que hab\u00eda llegado como jefe del Congreso -y ante la falta de un vicepresidente- el 10 de octubre luego de que fue destituida su antecesora, Dina Boluarte (2022-2025),en medio de una crisis impulsada por el alza de la criminalidad que sigue sin resolverse.<\/p>\n<p>La fiscal\u00eda investiga a Jer\u00ed por dos casos de tr\u00e1fico de influencias tras la revelaci\u00f3n de encuentros clandestinos con empresarios chinos.<\/p>\n<p>Jer\u00ed, de 39 a\u00f1os, enfrentaba siete pedidos de censura impulsados por la minoritaria oposici\u00f3n izquierdista y un bloque de partidos de derecha que buscaban removerlo por \u201cinconducta funcional y falta de idoneidad\u201d para ejercer el cargo. La sesi\u00f3n comenz\u00f3, como estaba previsto, alrededor de las 10 (12 en la Argentina ). En primer lugar, los legisladores votaron una por una las mociones para admitir someterlas a debate.<\/p>\n<p>Sin embargo, una vez aprobado el debate de todas las mociones, algunos legisladores cuestionaron la correspondencia del procedimiento para destituir al mandatario interino. La congresista Ana Zegarra, de Somos Per\u00fa, sostuvo que deber\u00eda aplicarse el procedimiento de vacancia en lugar del de censura, argumentando que las acusaciones contra Jer\u00ed corresponden a su per\u00edodo en funciones como presidente interino y no como legislador.<\/p>\n<p>En sinton\u00eda, el legislador \u00c1lex Paredes dijo que aplicar la figura de censura a Jer\u00ed ser\u00eda \u201cuna transgresi\u00f3n constitucional\u201d.<\/p>\n<p>Otros legisladores rechazaron el pedido aduciendo que deb\u00eda ser declarado inadmisible.<\/p>\n<p>\u201cMejor digan que quieren que se quede Jer\u00ed y nos levantamos todos\u201d, dijo la vocera de Renovaci\u00f3n Popular, Norma Yarrow, seg\u00fan el medio local El Comercio.<\/p>\n<p>Alrededor de las 13.50 (15.50 en la Argentina), el Pleno del Congreso rechaz\u00f3 tras una breve votaci\u00f3n el pedido de Zegarra.<\/p>\n<p>El juicio pol\u00edtico requiere una mayor\u00eda cualificada de 87 votos si hubieran estado los 130 legisladores. Dado que la cantidad de presentes este martes era de 115, la mayor\u00eda era de 58 legisladores, detall\u00f3 el presidente encargado del Congreso, Fernando Rospigliosi, al abrir el debate.<\/p>\n<p>El presidente y sus aliados argumentaron que deber\u00eda enfrentarse a un juicio pol\u00edtico y no a una censura, pero Jer\u00ed dijo que respetar\u00eda el resultado de la votaci\u00f3n de censura.<\/p>\n<p>Aunque Rospigliosi ser\u00eda el siguiente en la l\u00ednea de sucesi\u00f3n, el actual l\u00edder encargado del Congreso dijo que no asumir\u00e1 la magistratura, por lo que los legisladores tendr\u00e1n que elegir a un nuevo jefe del Congreso que luego asumir\u00eda la presidencia. Esto ser\u00eda similar al ascenso de Francisco Sagasti a la presidencia en 2020, despu\u00e9s de que fue elegido por el Congreso en un contexto de una aguda crisis pol\u00edtica y de protestas tras los cinco d\u00edas de presidencia del expresidente Manuel Merino.<\/p>\n<p>Afuera del recinto, un peque\u00f1o grupo de manifestantes se reuni\u00f3 para pedir la destituci\u00f3n del presidente interino, acus\u00e1ndolo de haber convertido el palacio presidencial \u201cen un burdel\u201d.<\/p>\n<p>\u201cNo me considero muerto\u201d<br \/>\n\u201cYo no he cometido ning\u00fan delito. Tengo la plena suficiencia moral para poder ejercer la presidencia de la Rep\u00fablica\u201d, hab\u00eda declarado Jer\u00ed en una entrevista por televisi\u00f3n la noche del domingo.<\/p>\n<p>\u201cNo me considero muerto\u201d, agreg\u00f3 y dijo, sin pruebas ni dar detalles, que existen intereses de ciertos sectores para golpear la \u201ccredibilidad\u201d de su trabajo.<\/p>\n<p>En esa entrevista, adem\u00e1s, habl\u00f3 sobre su ausencia en una terapia psicol\u00f3gica por patolog\u00eda psicosexual dispuesta en enero de 2025 a la que deb\u00eda asistir por una denuncia de violaci\u00f3n sexual en su contra cuando era legislador, que fue finalmente archivada. Seg\u00fan \u00e9l, nunca recibi\u00f3 una notificaci\u00f3n \u201cv\u00e1lida\u201d del Poder Judicial para asistir a esa cita.<\/p>\n<p>\u201cSi desde el primer momento, en lo m\u00e1s complicado que fue la denuncia, me allan\u00e9 a colaborar y a participar, resultar\u00eda il\u00f3gico e incongruente no aceptar otra recomendaci\u00f3n, siempre que hubiera sido debidamente notificado. No puede ser que para una cosa s\u00ed colabores y para otra no colabores. Es inconsistente, e inconsistente no soy. Si hubiera llegado v\u00e1lidamente, habr\u00eda cumplido lo que se me hubiera recomendado\u201d, dijo al respecto.<\/p>\n<p>Sobre la coyuntura pol\u00edtica, Jer\u00ed reconoci\u00f3 el lunes en una actividad a puerta cerrada dentro del palacio presidencial que Per\u00fa pasaba por un \u201cmomento ciertamente complicado\u201d.<\/p>\n<p>La crisis deton\u00f3 luego que la prensa revel\u00f3 que Jer\u00ed se reun\u00eda de forma oculta con dos empresarios chinos, uno contratista estatal y el otro investigado por la fiscal\u00eda por presuntamente integrar una red de tr\u00e1fico de madera.<\/p>\n<p>En enero, la prensa public\u00f3 im\u00e1genes de diciembre donde Jer\u00ed, en medio del verano, vest\u00eda una capucha y llevaba un bolso antes de ingresar a una de las citas nocturnas. El mandatario afirma que se reun\u00eda con los empresarios para coordinar una festividad peruano-china, para comer comida china y comprar caramelos chinos. Pero varios legisladores no creen sus respuestas y elevaron los pedidos para removerlo del cargo.<\/p>\n<p>Al mismo tiempo, Jer\u00ed est\u00e1 bajo investigaci\u00f3n de la fiscal\u00eda por presunta corrupci\u00f3n, por los delitos de patrocinio ilegal de intereses particulares y tr\u00e1fico de influencias en agravio del Estado.<\/p>\n<p>Otras investigaciones de la prensa informaron que varias mujeres que se reunieron con Jer\u00ed en los \u00faltimos meses en el palacio presidencial encontraron trabajo en el Estado. Por eso, la fiscal\u00eda ha iniciado una segunda investigaci\u00f3n contra Jer\u00ed por tr\u00e1fico de influencias agravado en los casos de nueve mujeres contratadas.<\/p>\n<p>Jer\u00ed recibi\u00f3 el apoyo del embajador de Estados Unidos en Per\u00fa, Bernie Navarro, quien dijo al diario local Gesti\u00f3n el lunes que para la estabilidad de Per\u00fa el mandatario deber\u00eda seguir en el puesto. \u201cCambiar de presidentes seguido, en los ojos no s\u00f3lo de Estados Unidos, sino del mundo, no es normal. Para traer la inversi\u00f3n estadounidense, la estabilidad es muy importante\u201d, se\u00f1al\u00f3.<\/p>\n<p>Otra figura que apoya a Jer\u00ed es la candidata presidencial Keiko Fujimori, hija del fallecido mandatario Alberto Fujimori, quien indic\u00f3 que los legisladores de su grupo pol\u00edtico no apoyar\u00e1n los pedidos de destituci\u00f3n.<\/p>\n<p>\u201cTener un nuevo relevo en la presidencia -el cuarto en el actual lustro pol\u00edtico- no resolver\u00e1 nada de la profunda crisis institucional que vive el pa\u00eds\u201d, dijo a la agencia AFP el analista pol\u00edtico Augusto \u00c1lvarez.<\/p>\n<p>Adem\u00e1s, \u201cser\u00e1 dif\u00edcil encontrar en el Congreso actual -con evidencia de mediocridad y sospecha s\u00f3lida de corrupci\u00f3n generalizada- un reemplazo con legitimidad pol\u00edtica\u201d, agreg\u00f3.<\/p>\n<p>Trasfondo electoral<br \/>\nLa rapidez con la que se tramita la censura ha sido relacionada con la campa\u00f1a electoral, que registra un r\u00e9cord de m\u00e1s de 30 candidatos presidenciales.<\/p>\n<p>\u201cLos partidos que apresuran la destituci\u00f3n lo hacen porque creen que eso podr\u00eda ayudarlos a obtener m\u00e1s votos en la elecci\u00f3n del 12 de abril\u201d, recalc\u00f3 Alvarez, director del medio digital A3R.net.<\/p>\n<p>El candidato presidencial de Renovaci\u00f3n Popular, Rafael L\u00f3pez Aliaga, quien encabeza las encuestas, ha sido el m\u00e1s enf\u00e1tico en reclamar la renuncia de Jer\u00ed.<\/p>\n<p>L\u00f3pez Aliaga, simpatizante del presidente Donald Trump, ha se\u00f1alado que \u201cJer\u00ed es operador de decenas de grupos chinos que entran a Palacio en masa\u201d.<\/p>\n<p>Luego de un inicio rutilante con una aprobaci\u00f3n de casi 60% en los sondeos debido al impulso que dio a la lucha contra el crimen organizado, la popularidad de Jer\u00ed cay\u00f3 a 37% en febrero.<\/p>\n<p>Uno de los principales pedidos para Jer\u00ed fue liderar la lucha contra la delincuencia y pedir la derogatoria de un conjunto de leyes que debilitan la lucha contra el crimen organizado. Al menos seis de esas leyes fueron aprobadas en el pasado con el apoyo de Jer\u00ed cuando era legislador desde 2021. Nada de eso ha ocurrido.<\/p>\n<p>Agencias AFP, AP y Reuters<\/p>\n<p>LA NACION<\/p><\/div>\n<\/div>\n","protected":false},"excerpt":{"rendered":"<p>El mandatario, que asumi\u00f3 hace cuatro meses de manera interina, enfrenta investigaciones por tr\u00e1fico de influencias; enfrentaba siete mociones de censura. Con 75 votos a favor, 24 en contra y 3 abstenciones, Jer\u00ed fue removido del cargo al que hab\u00eda llegado como jefe del Congreso -y ante la falta de un vicepresidente- el 10 de [&hellip;]<\/p>\n","protected":false},"author":2,"featured_media":7096,"comment_status":"open","ping_status":"open","sticky":false,"template":"","format":"standard","meta":{"footnotes":""},"categories":[81],"tags":[],"class_list":{"0":"post-7095","1":"post","2":"type-post","3":"status-publish","4":"format-standard","5":"has-post-thumbnail","7":"category-internacionales"},"_links":{"self":[{"href":"https:\/\/elpueblonoticia.com.ar\/web\/wp-json\/wp\/v2\/posts\/7095","targetHints":{"allow":["GET"]}}],"collection":[{"href":"https:\/\/elpueblonoticia.com.ar\/web\/wp-json\/wp\/v2\/posts"}],"about":[{"href":"https:\/\/elpueblonoticia.com.ar\/web\/wp-json\/wp\/v2\/types\/post"}],"author":[{"embeddable":true,"href":"https:\/\/elpueblonoticia.com.ar\/web\/wp-json\/wp\/v2\/users\/2"}],"replies":[{"embeddable":true,"href":"https:\/\/elpueblonoticia.com.ar\/web\/wp-json\/wp\/v2\/comments?post=7095"}],"version-history":[{"count":1,"href":"https:\/\/elpueblonoticia.com.ar\/web\/wp-json\/wp\/v2\/posts\/7095\/revisions"}],"predecessor-version":[{"id":7097,"href":"https:\/\/elpueblonoticia.com.ar\/web\/wp-json\/wp\/v2\/posts\/7095\/revisions\/7097"}],"wp:featuredmedia":[{"embeddable":true,"href":"https:\/\/elpueblonoticia.com.ar\/web\/wp-json\/wp\/v2\/media\/7096"}],"wp:attachment":[{"href":"https:\/\/elpueblonoticia.com.ar\/web\/wp-json\/wp\/v2\/media?parent=7095"}],"wp:term":[{"taxonomy":"category","embeddable":true,"href":"https:\/\/elpueblonoticia.com.ar\/web\/wp-json\/wp\/v2\/categories?post=7095"},{"taxonomy":"post_tag","embeddable":true,"href":"https:\/\/elpueblonoticia.com.ar\/web\/wp-json\/wp\/v2\/tags?post=7095"}],"curies":[{"name":"wp","href":"https:\/\/api.w.org\/{rel}","templated":true}]}}