{"id":7083,"date":"2026-02-18T09:17:27","date_gmt":"2026-02-18T12:17:27","guid":{"rendered":"https:\/\/elpueblonoticia.com.ar\/web\/?p=7083"},"modified":"2026-02-18T09:17:27","modified_gmt":"2026-02-18T12:17:27","slug":"el-gobierno-descontara-el-dia-a-estatales-que-adhieran-al-paro-contra-la-reforma-laboral","status":"publish","type":"post","link":"https:\/\/elpueblonoticia.com.ar\/web\/2026\/02\/18\/el-gobierno-descontara-el-dia-a-estatales-que-adhieran-al-paro-contra-la-reforma-laboral\/","title":{"rendered":"El Gobierno descontar\u00e1 el d\u00eda a estatales que adhieran al paro contra la reforma laboral"},"content":{"rendered":"<div id=\"modalIntrotext\">\n<div><img loading=\"lazy\" decoding=\"async\" class=\"\" src=\"https:\/\/www.powernoticias.com\/images\/202602171501481001\" width=\"987\" height=\"657\" \/><\/div>\n<div>La medida fue confirmada por altas fuentes de la Casa Rosada y se aplicar\u00e1 si el jueves la C\u00e1mara de Diputados trata el proyecto. La protesta, convocada por la CGT, prev\u00e9 una paralizaci\u00f3n total de actividades durante 24 horas.<\/div>\n<div><\/div>\n<div><\/div>\n<div><\/div>\n<div><\/div>\n<div>\n<div class=\"contenido\">\n<div id=\"modalFulltext\">El Gobierno nacional descontar\u00e1 el d\u00eda a los empleados estatales que adhieran al paro nacional convocado contra la reforma laboral, previsto para el jueves en caso de que la C\u00e1mara de Diputados avance con el tratamiento del proyecto.<\/p>\n<p>La decisi\u00f3n fue confirmada por dos altas fuentes de la Casa Rosada, que ratificaron que se aplicar\u00e1 el descuento salarial a quienes no concurran a trabajar o no cumplan funciones durante la jornada. La medida ya fue implementada en paros anteriores.<\/p>\n<p>La protesta fue convocada por la Confederaci\u00f3n General del Trabajo (CGT) y contar\u00e1 con la adhesi\u00f3n de gremios estatales y del transporte. Tendr\u00e1 una duraci\u00f3n de 24 horas y afectar\u00e1 de manera directa la circulaci\u00f3n y los servicios en todo el pa\u00eds.<\/p>\n<p>La Confederaci\u00f3n General del Trabajo es la central obrera que impulsa la medida de fuerza. La Uni\u00f3n Personal Civil de la Naci\u00f3n (UPCN), conducida por Andr\u00e9s Rodr\u00edguez, confirm\u00f3 su adhesi\u00f3n al paro, aunque no participar\u00e1 de la movilizaci\u00f3n. Por su parte, la Asociaci\u00f3n Trabajadores del Estado (ATE), liderada por Rodolfo Aguiar, convoc\u00f3 tanto al paro como a una movilizaci\u00f3n frente al Congreso. En el sector del transporte, La Fraternidad, cuyo secretario general es Omar Maturano, confirm\u00f3 la paralizaci\u00f3n total del servicio ferroviario.<\/p>\n<p>Tambi\u00e9n la Uni\u00f3n Obrera Metal\u00fargica (UOM) se sum\u00f3 a las cr\u00edticas. Su referente en C\u00f3rdoba, Rub\u00e9n Urbano, cuestion\u00f3 a la CGT por no haber convocado a un paro con movilizaci\u00f3n desde el inicio.<\/p>\n<p>El oficialismo busca firmar dictamen el mi\u00e9rcoles para tratar la iniciativa en la C\u00e1mara de Diputados el jueves. De aprobarse, el proyecto volver\u00eda al Senado y el Gobierno aspira a lograr la sanci\u00f3n definitiva el viernes de la semana siguiente.<\/p><\/div>\n<div>\n<div id=\"117986-4\"><\/div>\n<div id=\"117986-6\"><\/div>\n<div id=\"117986-3\"><\/div>\n<\/div>\n<\/div>\n<div class=\"modalRedes\"><\/div>\n<\/div>\n<\/div>\n","protected":false},"excerpt":{"rendered":"<p>La medida fue confirmada por altas fuentes de la Casa Rosada y se aplicar\u00e1 si el jueves la C\u00e1mara de Diputados trata el proyecto. La protesta, convocada por la CGT, prev\u00e9 una paralizaci\u00f3n total de actividades durante 24 horas. El Gobierno nacional descontar\u00e1 el d\u00eda a los empleados estatales que adhieran al paro nacional convocado [&hellip;]<\/p>\n","protected":false},"author":2,"featured_media":7084,"comment_status":"open","ping_status":"open","sticky":false,"template":"","format":"standard","meta":{"footnotes":""},"categories":[64],"tags":[],"class_list":{"0":"post-7083","1":"post","2":"type-post","3":"status-publish","4":"format-standard","5":"has-post-thumbnail","7":"category-nacionales"},"_links":{"self":[{"href":"https:\/\/elpueblonoticia.com.ar\/web\/wp-json\/wp\/v2\/posts\/7083","targetHints":{"allow":["GET"]}}],"collection":[{"href":"https:\/\/elpueblonoticia.com.ar\/web\/wp-json\/wp\/v2\/posts"}],"about":[{"href":"https:\/\/elpueblonoticia.com.ar\/web\/wp-json\/wp\/v2\/types\/post"}],"author":[{"embeddable":true,"href":"https:\/\/elpueblonoticia.com.ar\/web\/wp-json\/wp\/v2\/users\/2"}],"replies":[{"embeddable":true,"href":"https:\/\/elpueblonoticia.com.ar\/web\/wp-json\/wp\/v2\/comments?post=7083"}],"version-history":[{"count":1,"href":"https:\/\/elpueblonoticia.com.ar\/web\/wp-json\/wp\/v2\/posts\/7083\/revisions"}],"predecessor-version":[{"id":7085,"href":"https:\/\/elpueblonoticia.com.ar\/web\/wp-json\/wp\/v2\/posts\/7083\/revisions\/7085"}],"wp:featuredmedia":[{"embeddable":true,"href":"https:\/\/elpueblonoticia.com.ar\/web\/wp-json\/wp\/v2\/media\/7084"}],"wp:attachment":[{"href":"https:\/\/elpueblonoticia.com.ar\/web\/wp-json\/wp\/v2\/media?parent=7083"}],"wp:term":[{"taxonomy":"category","embeddable":true,"href":"https:\/\/elpueblonoticia.com.ar\/web\/wp-json\/wp\/v2\/categories?post=7083"},{"taxonomy":"post_tag","embeddable":true,"href":"https:\/\/elpueblonoticia.com.ar\/web\/wp-json\/wp\/v2\/tags?post=7083"}],"curies":[{"name":"wp","href":"https:\/\/api.w.org\/{rel}","templated":true}]}}