{"id":7067,"date":"2026-02-18T08:25:38","date_gmt":"2026-02-18T11:25:38","guid":{"rendered":"https:\/\/elpueblonoticia.com.ar\/web\/?p=7067"},"modified":"2026-02-18T08:25:38","modified_gmt":"2026-02-18T11:25:38","slug":"suteco-ratificara-demanda-de-suba-en-blanco-y-salario-docente-sobre-linea-de-pobreza","status":"publish","type":"post","link":"https:\/\/elpueblonoticia.com.ar\/web\/2026\/02\/18\/suteco-ratificara-demanda-de-suba-en-blanco-y-salario-docente-sobre-linea-de-pobreza\/","title":{"rendered":"SUTECO ratificar\u00e1 demanda de suba en blanco y salario docente sobre l\u00ednea de pobreza"},"content":{"rendered":"<div id=\"modalIntrotext\">\n<div>&#8220;Sin suba en blanco en un solo pago, sin salario inicial arriba de la l\u00ednea de pobreza, sin escuelas en condiciones; no est\u00e1n dadas las condiciones el normal inicio de las clases&#8221;, advirti\u00f3 Fernando Ram\u00edrez, secretario General de la entidad gremial docente.<\/div>\n<div><\/div>\n<div><\/div>\n<div><\/div>\n<div>\n<div class=\"contenido\">\n<div id=\"modalFulltext\">Este mi\u00e9rcoles 18 de febrero, el Sindicato \u00danico de Trabajadores de la Educaci\u00f3n de Corrientes (SUTECO) asistir\u00e1 a la reuni\u00f3n convocada por los Ministerios de Hacienda y de Educaci\u00f3n de la Provincia, para iniciar di\u00e1logo por actualizaci\u00f3n salarial docente.<\/p>\n<p>El encuentro se produce tras cumplirse seis (6) meses sin actualizaci\u00f3n salarial, con un b\u00e1sico docente congelado y deprimido, con un salario inicial docente m\u00e1s cerca de la l\u00ednea de indigencia, con casi la mitad del haber en negro, con nueva escalada inflacionaria en servicios y alimentos.<\/p>\n<p>El secretario general Fernando Ram\u00edrez record\u00f3 que el SUTECO le adelant\u00f3 a la Ministra de Educaci\u00f3n, Ana Mi\u00f1o -en la reuni\u00f3n del 23\/01- los planteos de mejoras salariales y advirti\u00f3 que sin suba satisfactoria en blanco, est\u00e1 en riesgo en normal inicio de clases.<\/p>\n<p>Este mi\u00e9rcoles 18 de febrero en la reuni\u00f3n con Educaci\u00f3n y Hacienda, &#8220;el SUTECO ratificar\u00e1 las demandas de mejoras que consideramos imprescindibles para evitar conflictos&#8221;, anticip\u00f3 Fernando Ram\u00edrez y puntualiz\u00f3:<br \/>\nSuba al B\u00e1sico en un solo pago, por encima de la inflaci\u00f3n acumulada en los \u00faltimos seis meses. Que la mejora se traslade de inmediato al sector pasivo docente.<br \/>\nIncorporaci\u00f3n del Bono Navide\u00f1o al salario.<br \/>\nIgual plus en hasta dos cargos.<br \/>\nSalario Inicial docente por encima de la l\u00ednea de pobreza ($1.360.000 seg\u00fan INDEC en enero)<br \/>\nQue el Fondo Compensador Provincial sea remunerativo y bonificable.<br \/>\n\u00cdtem Movilidad y Zona.<br \/>\nEliminaci\u00f3n del pago en cuotas y por terminaci\u00f3n de DNI.<br \/>\nBlanqueo total de las sumas no remunerativas.<br \/>\nPlena vigencia del 82% m\u00f3vil.<br \/>\nNo entrega del IPS a la Naci\u00f3n.<br \/>\nMejora del Escalaf\u00f3n.<br \/>\nEl medio aguinaldo sea 50% del salario de bolsillo.<\/p>\n<p>El pliego de demandas del SUTECO tambi\u00e9n incluye soluciones a problemas en salud, infraestructura escolar, vivienda para docentes y otros puntos como:<br \/>\nFuncionamiento y cobertura integral del IOSCOR en toda la provincia.<br \/>\nRegularizaci\u00f3n de prestaciones m\u00e9dicas y farmac\u00e9uticas de la obra social.<br \/>\nPlan provincial de viviendas para docentes.<br \/>\nTitularizaci\u00f3n y estabilidad laboral en todos los niveles.<br \/>\nGarant\u00eda de licencias<br \/>\nDescentralizaci\u00f3n de Contralor M\u00e9dico: que se haga en cada en cada localidad.<\/p>\n<p>Fernando Ram\u00edrez repas\u00f3 que el sistema educativo atraviesa un escenario complejo por el recorte de fondos nacionales como el FONID, infraestructura, programas socioeducativos, becas, comedores, computadoras, formaci\u00f3n y capacitaci\u00f3n docente.<\/p>\n<p>Pero que, sin embargo, &#8220;la Provincia debe asumir su responsabilidad en la recomposici\u00f3n salarial, el financiamiento al sistema educativo, condiciones dignas de ense\u00f1anza y aprendizaje&#8221;.<\/p>\n<p>Y ratific\u00f3 que &#8220;sin actualizaci\u00f3n salarial en blanco y en un solo pago, sin salario inicial por arriba de la l\u00ednea de pobreza, sin escuelas en condiciones; no est\u00e1n dadas las condiciones para garantizar el normal inicio de las clases&#8221;, se\u00f1al\u00f3 el secretario general del SUTECO.<\/p><\/div>\n<div>\n<div id=\"117986-4\"><\/div>\n<div id=\"117986-6\"><\/div>\n<div id=\"117986-3\"><\/div>\n<\/div>\n<\/div>\n<div class=\"modalRedes\"><\/div>\n<\/div>\n<\/div>\n","protected":false},"excerpt":{"rendered":"<p>&#8220;Sin suba en blanco en un solo pago, sin salario inicial arriba de la l\u00ednea de pobreza, sin escuelas en condiciones; no est\u00e1n dadas las condiciones el normal inicio de las clases&#8221;, advirti\u00f3 Fernando Ram\u00edrez, secretario General de la entidad gremial docente. Este mi\u00e9rcoles 18 de febrero, el Sindicato \u00danico de Trabajadores de la Educaci\u00f3n [&hellip;]<\/p>\n","protected":false},"author":2,"featured_media":7068,"comment_status":"open","ping_status":"open","sticky":false,"template":"","format":"standard","meta":{"footnotes":""},"categories":[78],"tags":[],"class_list":{"0":"post-7067","1":"post","2":"type-post","3":"status-publish","4":"format-standard","5":"has-post-thumbnail","7":"category-generales"},"_links":{"self":[{"href":"https:\/\/elpueblonoticia.com.ar\/web\/wp-json\/wp\/v2\/posts\/7067","targetHints":{"allow":["GET"]}}],"collection":[{"href":"https:\/\/elpueblonoticia.com.ar\/web\/wp-json\/wp\/v2\/posts"}],"about":[{"href":"https:\/\/elpueblonoticia.com.ar\/web\/wp-json\/wp\/v2\/types\/post"}],"author":[{"embeddable":true,"href":"https:\/\/elpueblonoticia.com.ar\/web\/wp-json\/wp\/v2\/users\/2"}],"replies":[{"embeddable":true,"href":"https:\/\/elpueblonoticia.com.ar\/web\/wp-json\/wp\/v2\/comments?post=7067"}],"version-history":[{"count":1,"href":"https:\/\/elpueblonoticia.com.ar\/web\/wp-json\/wp\/v2\/posts\/7067\/revisions"}],"predecessor-version":[{"id":7069,"href":"https:\/\/elpueblonoticia.com.ar\/web\/wp-json\/wp\/v2\/posts\/7067\/revisions\/7069"}],"wp:featuredmedia":[{"embeddable":true,"href":"https:\/\/elpueblonoticia.com.ar\/web\/wp-json\/wp\/v2\/media\/7068"}],"wp:attachment":[{"href":"https:\/\/elpueblonoticia.com.ar\/web\/wp-json\/wp\/v2\/media?parent=7067"}],"wp:term":[{"taxonomy":"category","embeddable":true,"href":"https:\/\/elpueblonoticia.com.ar\/web\/wp-json\/wp\/v2\/categories?post=7067"},{"taxonomy":"post_tag","embeddable":true,"href":"https:\/\/elpueblonoticia.com.ar\/web\/wp-json\/wp\/v2\/tags?post=7067"}],"curies":[{"name":"wp","href":"https:\/\/api.w.org\/{rel}","templated":true}]}}