{"id":7054,"date":"2026-02-13T12:24:52","date_gmt":"2026-02-13T15:24:52","guid":{"rendered":"https:\/\/elpueblonoticia.com.ar\/web\/?p=7054"},"modified":"2026-02-13T12:24:52","modified_gmt":"2026-02-13T15:24:52","slug":"dia-internacional-de-la-lucha-contra-el-cancer-infantil","status":"publish","type":"post","link":"https:\/\/elpueblonoticia.com.ar\/web\/2026\/02\/13\/dia-internacional-de-la-lucha-contra-el-cancer-infantil\/","title":{"rendered":"Dia Internacional de la Lucha contra el C\u00e1ncer Infantil"},"content":{"rendered":"<div id=\"modalIntrotext\">\n<div>El pr\u00f3ximo domingo 15 de febrero, con motivo de la conmemoraci\u00f3n del Dia Internacional de la Lucha contra el C\u00e1ncer Infantil, la Fundaci\u00f3n Oncoinfanto Juvenil y el Club de Leones de Goya realizar\u00e1n un encuentro de concientizaci\u00f3n, uni\u00f3n y compromiso por los ni\u00f1os, en playa El Ing\u00e1 a partir de las 20. Se solicita acercar un alimento no perecedero para acompa\u00f1ar a familia con ni\u00f1os en tratamiento oncol\u00f3gicos.<\/div>\n<\/div>\n<div><\/div>\n<div><\/div>\n<div><\/div>\n<div><\/div>\n","protected":false},"excerpt":{"rendered":"<p>El pr\u00f3ximo domingo 15 de febrero, con motivo de la conmemoraci\u00f3n del Dia Internacional de la Lucha contra el C\u00e1ncer Infantil, la Fundaci\u00f3n Oncoinfanto Juvenil y el Club de Leones de Goya realizar\u00e1n un encuentro de concientizaci\u00f3n, uni\u00f3n y compromiso por los ni\u00f1os, en playa El Ing\u00e1 a partir de las 20. Se solicita acercar [&hellip;]<\/p>\n","protected":false},"author":2,"featured_media":7055,"comment_status":"open","ping_status":"open","sticky":false,"template":"","format":"standard","meta":{"footnotes":""},"categories":[56],"tags":[],"class_list":{"0":"post-7054","1":"post","2":"type-post","3":"status-publish","4":"format-standard","5":"has-post-thumbnail","7":"category-locales"},"_links":{"self":[{"href":"https:\/\/elpueblonoticia.com.ar\/web\/wp-json\/wp\/v2\/posts\/7054","targetHints":{"allow":["GET"]}}],"collection":[{"href":"https:\/\/elpueblonoticia.com.ar\/web\/wp-json\/wp\/v2\/posts"}],"about":[{"href":"https:\/\/elpueblonoticia.com.ar\/web\/wp-json\/wp\/v2\/types\/post"}],"author":[{"embeddable":true,"href":"https:\/\/elpueblonoticia.com.ar\/web\/wp-json\/wp\/v2\/users\/2"}],"replies":[{"embeddable":true,"href":"https:\/\/elpueblonoticia.com.ar\/web\/wp-json\/wp\/v2\/comments?post=7054"}],"version-history":[{"count":1,"href":"https:\/\/elpueblonoticia.com.ar\/web\/wp-json\/wp\/v2\/posts\/7054\/revisions"}],"predecessor-version":[{"id":7056,"href":"https:\/\/elpueblonoticia.com.ar\/web\/wp-json\/wp\/v2\/posts\/7054\/revisions\/7056"}],"wp:featuredmedia":[{"embeddable":true,"href":"https:\/\/elpueblonoticia.com.ar\/web\/wp-json\/wp\/v2\/media\/7055"}],"wp:attachment":[{"href":"https:\/\/elpueblonoticia.com.ar\/web\/wp-json\/wp\/v2\/media?parent=7054"}],"wp:term":[{"taxonomy":"category","embeddable":true,"href":"https:\/\/elpueblonoticia.com.ar\/web\/wp-json\/wp\/v2\/categories?post=7054"},{"taxonomy":"post_tag","embeddable":true,"href":"https:\/\/elpueblonoticia.com.ar\/web\/wp-json\/wp\/v2\/tags?post=7054"}],"curies":[{"name":"wp","href":"https:\/\/api.w.org\/{rel}","templated":true}]}}