{"id":7050,"date":"2026-02-13T11:41:58","date_gmt":"2026-02-13T14:41:58","guid":{"rendered":"https:\/\/elpueblonoticia.com.ar\/web\/?p=7050"},"modified":"2026-02-13T11:41:58","modified_gmt":"2026-02-13T14:41:58","slug":"el-ipt-recuerda-que-no-habra-atencion-en-el-feriado-de-carnaval","status":"publish","type":"post","link":"https:\/\/elpueblonoticia.com.ar\/web\/2026\/02\/13\/el-ipt-recuerda-que-no-habra-atencion-en-el-feriado-de-carnaval\/","title":{"rendered":"El IPT recuerda que no habr\u00e1 atenci\u00f3n en el feriado de carnaval"},"content":{"rendered":"<div id=\"modalIntrotext\">\n<div>El Instituto Provincial del Tabaco recuerda que los d\u00edas lunes 16 y martes 17 de febrero sus dependencias permanecer\u00e1n cerradas debido al Feriado de Carnaval, sin atenci\u00f3n al p\u00fablico, retomando la actividad el mi\u00e9rcoles 18, en su horario habitual.<\/div>\n<\/div>\n<div><\/div>\n<div><\/div>\n<div><\/div>\n<div><\/div>\n<div><\/div>\n<div><\/div>\n<div><\/div>\n","protected":false},"excerpt":{"rendered":"<p>El Instituto Provincial del Tabaco recuerda que los d\u00edas lunes 16 y martes 17 de febrero sus dependencias permanecer\u00e1n cerradas debido al Feriado de Carnaval, sin atenci\u00f3n al p\u00fablico, retomando la actividad el mi\u00e9rcoles 18, en su horario habitual.<\/p>\n","protected":false},"author":2,"featured_media":7051,"comment_status":"open","ping_status":"open","sticky":false,"template":"","format":"standard","meta":{"footnotes":""},"categories":[56],"tags":[],"class_list":{"0":"post-7050","1":"post","2":"type-post","3":"status-publish","4":"format-standard","5":"has-post-thumbnail","7":"category-locales"},"_links":{"self":[{"href":"https:\/\/elpueblonoticia.com.ar\/web\/wp-json\/wp\/v2\/posts\/7050","targetHints":{"allow":["GET"]}}],"collection":[{"href":"https:\/\/elpueblonoticia.com.ar\/web\/wp-json\/wp\/v2\/posts"}],"about":[{"href":"https:\/\/elpueblonoticia.com.ar\/web\/wp-json\/wp\/v2\/types\/post"}],"author":[{"embeddable":true,"href":"https:\/\/elpueblonoticia.com.ar\/web\/wp-json\/wp\/v2\/users\/2"}],"replies":[{"embeddable":true,"href":"https:\/\/elpueblonoticia.com.ar\/web\/wp-json\/wp\/v2\/comments?post=7050"}],"version-history":[{"count":1,"href":"https:\/\/elpueblonoticia.com.ar\/web\/wp-json\/wp\/v2\/posts\/7050\/revisions"}],"predecessor-version":[{"id":7052,"href":"https:\/\/elpueblonoticia.com.ar\/web\/wp-json\/wp\/v2\/posts\/7050\/revisions\/7052"}],"wp:featuredmedia":[{"embeddable":true,"href":"https:\/\/elpueblonoticia.com.ar\/web\/wp-json\/wp\/v2\/media\/7051"}],"wp:attachment":[{"href":"https:\/\/elpueblonoticia.com.ar\/web\/wp-json\/wp\/v2\/media?parent=7050"}],"wp:term":[{"taxonomy":"category","embeddable":true,"href":"https:\/\/elpueblonoticia.com.ar\/web\/wp-json\/wp\/v2\/categories?post=7050"},{"taxonomy":"post_tag","embeddable":true,"href":"https:\/\/elpueblonoticia.com.ar\/web\/wp-json\/wp\/v2\/tags?post=7050"}],"curies":[{"name":"wp","href":"https:\/\/api.w.org\/{rel}","templated":true}]}}