{"id":7046,"date":"2026-02-13T11:35:22","date_gmt":"2026-02-13T14:35:22","guid":{"rendered":"https:\/\/elpueblonoticia.com.ar\/web\/?p=7046"},"modified":"2026-02-13T11:35:22","modified_gmt":"2026-02-13T14:35:22","slug":"el-papa-podria-visitar-la-argentina-a-fin-de-ano","status":"publish","type":"post","link":"https:\/\/elpueblonoticia.com.ar\/web\/2026\/02\/13\/el-papa-podria-visitar-la-argentina-a-fin-de-ano\/","title":{"rendered":"El Papa podr\u00eda visitar la Argentina a fin de a\u00f1o"},"content":{"rendered":"<p>El papa Le\u00f3n XIV podr\u00eda concretar su ansiado viaje a la Argentina hacia fines de este a\u00f1o, seg\u00fan trascendi\u00f3 en las \u00faltimas horas tras la visita de un grupo de empresarios argentinos al Vaticano. De acuerdo con lo que comentaron luego del encuentro, el Sumo Pont\u00edfice les habr\u00eda manifestado su intenci\u00f3n de incluir al pa\u00eds en su agenda antes de que finalice 2026, en lo que ser\u00eda su primera visita oficial a su tierra natal desde que asumi\u00f3 el pontificado el pasado 8 de mayo.<\/p>\n<p>La posibilidad de su llegada genera expectativa tanto en \u00e1mbitos eclesi\u00e1sticos como pol\u00edticos y sociales, en un contexto donde distintos sectores vienen expresando el deseo de que el Papa concrete una visita pastoral al pa\u00eds. Si bien a\u00fan no hay confirmaci\u00f3n oficial ni fechas definidas, la versi\u00f3n cobr\u00f3 fuerza a partir del di\u00e1logo que los empresarios mantuvieron con el Santo Padre en los \u00faltimos d\u00edas.<\/p>\n<p>En paralelo, Le\u00f3n XIV estudia una &#8220;visita rel\u00e1mpago&#8221; al Principado de M\u00f3naco a finales de marzo, seg\u00fan confirm\u00f3 la Oficina de Prensa de la Santa Sede ante consultas period\u00edsticas. La invitaci\u00f3n fue realizada por el pr\u00edncipe Alberto II durante un encuentro celebrado en el Vaticano el pasado 17 de enero, y el proyecto se encuentra actualmente en fase de an\u00e1lisis.<\/p>\n<p>De concretarse, se tratar\u00eda de un viaje breve, posiblemente de un solo d\u00eda, similar al que realiz\u00f3 el papa Francisco a C\u00f3rcega el 15 de diciembre de 2024. La eventual visita tendr\u00eda car\u00e1cter hist\u00f3rico: ser\u00eda la primera vez que un Papa viaje al Principado de M\u00f3naco, el segundo Estado m\u00e1s peque\u00f1o del mundo despu\u00e9s del Vaticano.<\/p>\n","protected":false},"excerpt":{"rendered":"<p>El papa Le\u00f3n XIV podr\u00eda concretar su ansiado viaje a la Argentina hacia fines de este a\u00f1o, seg\u00fan trascendi\u00f3 en las \u00faltimas horas tras la visita de un grupo de empresarios argentinos al Vaticano. De acuerdo con lo que comentaron luego del encuentro, el Sumo Pont\u00edfice les habr\u00eda manifestado su intenci\u00f3n de incluir al pa\u00eds [&hellip;]<\/p>\n","protected":false},"author":2,"featured_media":7047,"comment_status":"open","ping_status":"open","sticky":false,"template":"","format":"standard","meta":{"footnotes":""},"categories":[81],"tags":[],"class_list":{"0":"post-7046","1":"post","2":"type-post","3":"status-publish","4":"format-standard","5":"has-post-thumbnail","7":"category-internacionales"},"_links":{"self":[{"href":"https:\/\/elpueblonoticia.com.ar\/web\/wp-json\/wp\/v2\/posts\/7046","targetHints":{"allow":["GET"]}}],"collection":[{"href":"https:\/\/elpueblonoticia.com.ar\/web\/wp-json\/wp\/v2\/posts"}],"about":[{"href":"https:\/\/elpueblonoticia.com.ar\/web\/wp-json\/wp\/v2\/types\/post"}],"author":[{"embeddable":true,"href":"https:\/\/elpueblonoticia.com.ar\/web\/wp-json\/wp\/v2\/users\/2"}],"replies":[{"embeddable":true,"href":"https:\/\/elpueblonoticia.com.ar\/web\/wp-json\/wp\/v2\/comments?post=7046"}],"version-history":[{"count":1,"href":"https:\/\/elpueblonoticia.com.ar\/web\/wp-json\/wp\/v2\/posts\/7046\/revisions"}],"predecessor-version":[{"id":7048,"href":"https:\/\/elpueblonoticia.com.ar\/web\/wp-json\/wp\/v2\/posts\/7046\/revisions\/7048"}],"wp:featuredmedia":[{"embeddable":true,"href":"https:\/\/elpueblonoticia.com.ar\/web\/wp-json\/wp\/v2\/media\/7047"}],"wp:attachment":[{"href":"https:\/\/elpueblonoticia.com.ar\/web\/wp-json\/wp\/v2\/media?parent=7046"}],"wp:term":[{"taxonomy":"category","embeddable":true,"href":"https:\/\/elpueblonoticia.com.ar\/web\/wp-json\/wp\/v2\/categories?post=7046"},{"taxonomy":"post_tag","embeddable":true,"href":"https:\/\/elpueblonoticia.com.ar\/web\/wp-json\/wp\/v2\/tags?post=7046"}],"curies":[{"name":"wp","href":"https:\/\/api.w.org\/{rel}","templated":true}]}}