{"id":7042,"date":"2026-02-13T11:13:23","date_gmt":"2026-02-13T14:13:23","guid":{"rendered":"https:\/\/elpueblonoticia.com.ar\/web\/?p=7042"},"modified":"2026-02-13T11:13:23","modified_gmt":"2026-02-13T14:13:23","slug":"persiste-el-alerta-amarilla-por-fuertes-tormentas-en-corrientes","status":"publish","type":"post","link":"https:\/\/elpueblonoticia.com.ar\/web\/2026\/02\/13\/persiste-el-alerta-amarilla-por-fuertes-tormentas-en-corrientes\/","title":{"rendered":"Persiste el alerta amarilla por fuertes tormentas en Corrientes"},"content":{"rendered":"<p>El Servicio Meteorol\u00f3gico Nacional (SMN) emiti\u00f3 alerta amarilla por tormentas, lluvias y hasta vientos fuertes para toda la provincia de Corrientes, durante la jornada de este viernes 13. De acuerdo con el \u00faltimo informe meteorol\u00f3gico, del organismo nacional el \u00e1rea ser\u00e1 afectada por tormentas aisladas de variada intensidad, algunas localmente fuertes.\u00a0<span style=\"color: #0066ff;\">La lluvia ca\u00edda en Goya, hasta las 7 de hoy, totaliza 35 mm.\u00a0<\/span><\/p>\n<p>&nbsp;<\/p>\n<p>Las mismas estar\u00e1n acompa\u00f1adas por lluvias abundantes en cortos per\u00edodos, frecuente actividad el\u00e9ctrica, ocasional granizo y r\u00e1fagas intensas que podr\u00edan alcanzar los 80 km\/h.<\/p>\n<p>Se prev\u00e9n valores de precipitaci\u00f3n acumulada entre 30 y 70 mm, pudiendo ser superados de manera puntual.<\/p>\n<p>Localidades afectadas: TODA LA PROVINCIA<\/p>\n<p>&nbsp;<\/p>\n<p>&nbsp;<\/p>\n","protected":false},"excerpt":{"rendered":"<p>El Servicio Meteorol\u00f3gico Nacional (SMN) emiti\u00f3 alerta amarilla por tormentas, lluvias y hasta vientos fuertes para toda la provincia de Corrientes, durante la jornada de este viernes 13. De acuerdo con el \u00faltimo informe meteorol\u00f3gico, del organismo nacional el \u00e1rea ser\u00e1 afectada por tormentas aisladas de variada intensidad, algunas localmente fuertes.\u00a0La lluvia ca\u00edda en Goya, [&hellip;]<\/p>\n","protected":false},"author":2,"featured_media":7043,"comment_status":"open","ping_status":"open","sticky":false,"template":"","format":"standard","meta":{"footnotes":""},"categories":[78],"tags":[],"class_list":{"0":"post-7042","1":"post","2":"type-post","3":"status-publish","4":"format-standard","5":"has-post-thumbnail","7":"category-generales"},"_links":{"self":[{"href":"https:\/\/elpueblonoticia.com.ar\/web\/wp-json\/wp\/v2\/posts\/7042","targetHints":{"allow":["GET"]}}],"collection":[{"href":"https:\/\/elpueblonoticia.com.ar\/web\/wp-json\/wp\/v2\/posts"}],"about":[{"href":"https:\/\/elpueblonoticia.com.ar\/web\/wp-json\/wp\/v2\/types\/post"}],"author":[{"embeddable":true,"href":"https:\/\/elpueblonoticia.com.ar\/web\/wp-json\/wp\/v2\/users\/2"}],"replies":[{"embeddable":true,"href":"https:\/\/elpueblonoticia.com.ar\/web\/wp-json\/wp\/v2\/comments?post=7042"}],"version-history":[{"count":1,"href":"https:\/\/elpueblonoticia.com.ar\/web\/wp-json\/wp\/v2\/posts\/7042\/revisions"}],"predecessor-version":[{"id":7044,"href":"https:\/\/elpueblonoticia.com.ar\/web\/wp-json\/wp\/v2\/posts\/7042\/revisions\/7044"}],"wp:featuredmedia":[{"embeddable":true,"href":"https:\/\/elpueblonoticia.com.ar\/web\/wp-json\/wp\/v2\/media\/7043"}],"wp:attachment":[{"href":"https:\/\/elpueblonoticia.com.ar\/web\/wp-json\/wp\/v2\/media?parent=7042"}],"wp:term":[{"taxonomy":"category","embeddable":true,"href":"https:\/\/elpueblonoticia.com.ar\/web\/wp-json\/wp\/v2\/categories?post=7042"},{"taxonomy":"post_tag","embeddable":true,"href":"https:\/\/elpueblonoticia.com.ar\/web\/wp-json\/wp\/v2\/tags?post=7042"}],"curies":[{"name":"wp","href":"https:\/\/api.w.org\/{rel}","templated":true}]}}