{"id":7034,"date":"2026-02-13T10:25:22","date_gmt":"2026-02-13T13:25:22","guid":{"rendered":"https:\/\/elpueblonoticia.com.ar\/web\/?p=7034"},"modified":"2026-02-13T10:25:22","modified_gmt":"2026-02-13T13:25:22","slug":"crean-reserva-para-proteger-al-tordo-amarillo-y-los-pastizales","status":"publish","type":"post","link":"https:\/\/elpueblonoticia.com.ar\/web\/2026\/02\/13\/crean-reserva-para-proteger-al-tordo-amarillo-y-los-pastizales\/","title":{"rendered":"Crean reserva para proteger al tordo amarillo y los pastizales"},"content":{"rendered":"<p>La organizaci\u00f3n Aves Argentinas concret\u00f3 la creaci\u00f3n de una nueva reserva natural de casi 1.300 hect\u00e1reas en la cuenca del r\u00edo Aguapey, a unos 20 kil\u00f3metros de Alvear, con el objetivo de proteger al Tordo Amarillo, una de las aves m\u00e1s amenazadas del pa\u00eds, y preservar el ecosistema de campos y malezales, actualmente con escasa protecci\u00f3n legal.<\/p>\n<p>El \u00e1rea se ubica en la hist\u00f3rica Estancia &#8220;La Rosita&#8221; y forma parte de una Zona Clave para la Biodiversidad reconocida internacionalmente. All\u00ed se encuentra una colonia reproductiva del Tordo Amarillo (Xanthopsar flavus), especie catalogada en peligro cr\u00edtico de extinci\u00f3n. Tambi\u00e9n habitan aves como el Capuchino Iber\u00e1, la Monjita Dominica y el Yetap\u00e1 de Collar, consideradas vulnerables.<\/p>\n<p>Seg\u00fan relevamientos de la entidad, en el predio se registran m\u00e1s de 180 especies de aves y mam\u00edferos como el Ciervo de los Pantanos y el Aguar\u00e1 Guaz\u00fa. La iniciativa cobra relevancia en un contexto donde solo el 0,1 % de los campos y malezales del pa\u00eds cuenta con protecci\u00f3n legal.<\/p>\n<p>La reserva integrar\u00e1 conservaci\u00f3n y producci\u00f3n a trav\u00e9s de la Alianza del Pastizal, promoviendo pr\u00e1cticas ganaderas sostenibles y proyectos de captura de carbono. Adem\u00e1s, buscar\u00e1 impulsar el turismo de naturaleza, la investigaci\u00f3n cient\u00edfica y el desarrollo local.<\/p>\n<p>El proyecto cuenta con respaldo internacional de BirdLife International, American Bird Conservancy y donantes privados, consolidando una estrategia de protecci\u00f3n en una de las regiones ambientales m\u00e1s sensibles del pa\u00eds.<\/p>\n","protected":false},"excerpt":{"rendered":"<p>La organizaci\u00f3n Aves Argentinas concret\u00f3 la creaci\u00f3n de una nueva reserva natural de casi 1.300 hect\u00e1reas en la cuenca del r\u00edo Aguapey, a unos 20 kil\u00f3metros de Alvear, con el objetivo de proteger al Tordo Amarillo, una de las aves m\u00e1s amenazadas del pa\u00eds, y preservar el ecosistema de campos y malezales, actualmente con escasa [&hellip;]<\/p>\n","protected":false},"author":2,"featured_media":7035,"comment_status":"open","ping_status":"open","sticky":false,"template":"","format":"standard","meta":{"footnotes":""},"categories":[78],"tags":[],"class_list":{"0":"post-7034","1":"post","2":"type-post","3":"status-publish","4":"format-standard","5":"has-post-thumbnail","7":"category-generales"},"_links":{"self":[{"href":"https:\/\/elpueblonoticia.com.ar\/web\/wp-json\/wp\/v2\/posts\/7034","targetHints":{"allow":["GET"]}}],"collection":[{"href":"https:\/\/elpueblonoticia.com.ar\/web\/wp-json\/wp\/v2\/posts"}],"about":[{"href":"https:\/\/elpueblonoticia.com.ar\/web\/wp-json\/wp\/v2\/types\/post"}],"author":[{"embeddable":true,"href":"https:\/\/elpueblonoticia.com.ar\/web\/wp-json\/wp\/v2\/users\/2"}],"replies":[{"embeddable":true,"href":"https:\/\/elpueblonoticia.com.ar\/web\/wp-json\/wp\/v2\/comments?post=7034"}],"version-history":[{"count":1,"href":"https:\/\/elpueblonoticia.com.ar\/web\/wp-json\/wp\/v2\/posts\/7034\/revisions"}],"predecessor-version":[{"id":7036,"href":"https:\/\/elpueblonoticia.com.ar\/web\/wp-json\/wp\/v2\/posts\/7034\/revisions\/7036"}],"wp:featuredmedia":[{"embeddable":true,"href":"https:\/\/elpueblonoticia.com.ar\/web\/wp-json\/wp\/v2\/media\/7035"}],"wp:attachment":[{"href":"https:\/\/elpueblonoticia.com.ar\/web\/wp-json\/wp\/v2\/media?parent=7034"}],"wp:term":[{"taxonomy":"category","embeddable":true,"href":"https:\/\/elpueblonoticia.com.ar\/web\/wp-json\/wp\/v2\/categories?post=7034"},{"taxonomy":"post_tag","embeddable":true,"href":"https:\/\/elpueblonoticia.com.ar\/web\/wp-json\/wp\/v2\/tags?post=7034"}],"curies":[{"name":"wp","href":"https:\/\/api.w.org\/{rel}","templated":true}]}}