{"id":7030,"date":"2026-02-13T10:12:09","date_gmt":"2026-02-13T13:12:09","guid":{"rendered":"https:\/\/elpueblonoticia.com.ar\/web\/?p=7030"},"modified":"2026-02-13T10:12:09","modified_gmt":"2026-02-13T13:12:09","slug":"brigadas-controlaron-focos-de-incendio-en-siete-localidades-de-corrientes","status":"publish","type":"post","link":"https:\/\/elpueblonoticia.com.ar\/web\/2026\/02\/13\/brigadas-controlaron-focos-de-incendio-en-siete-localidades-de-corrientes\/","title":{"rendered":"Brigadas controlaron focos de incendio en siete localidades de Corrientes"},"content":{"rendered":"<p>La lucha contra el fuego no da tregua en el territorio provincial, donde el Comando Operativo de Emergencias (COE) debi\u00f3 desplegar un intenso operativo para contener las llamas que amenazaban distintas jurisdicciones. En una jornada marcada por el rigor clim\u00e1tico, las fuerzas de seguridad y brigadistas lograron neutralizar focos \u00edgneos en Paso de los Libres, Mercedes, Concepci\u00f3n, San Miguel, Saladas, Ituzaing\u00f3 y Gobernador Virasoro.<\/p>\n<p>El trabajo conjunto entre los Bomberos Voluntarios y la Brigada de Incendios Forestales (BRIF) fue la clave para frenar el avance del fuego antes de que alcanzara zonas cr\u00edticas o estructuras productivas. A pesar de la magnitud de los incidentes, desde los organismos oficiales confirmaron que la situaci\u00f3n en estos siete puntos se encuentra bajo control, aunque se mantienen guardias de cenizas permanentes ante la posibilidad de reactivaciones por las r\u00e1fagas de viento.<\/p>\n<p>Las autoridades provinciales remarcaron que el \u00edndice de peligrosidad de incendios se mantiene en niveles extremos en toda la geograf\u00eda correntina. En este contexto, recordaron que rige la prohibici\u00f3n total de quemas, advirtiendo que las condiciones de sequedad del combustible vegetal convierten a cualquier chispa en una amenaza potencial de grandes proporciones.<\/p>\n<p>El despliegue log\u00edstico y humano contin\u00faa en estado de alerta m\u00e1xima, con monitoreo satelital constante sobre las zonas de riesgo. Desde el Gobierno de Corrientes instaron nuevamente a la poblaci\u00f3n a extremar los cuidados y evitar cualquier tipo de uso del fuego al aire libre, apelando a la responsabilidad ciudadana para evitar incendios que pongan en peligro tanto el ecosistema como la vida de los correntinos.<\/p>\n","protected":false},"excerpt":{"rendered":"<p>La lucha contra el fuego no da tregua en el territorio provincial, donde el Comando Operativo de Emergencias (COE) debi\u00f3 desplegar un intenso operativo para contener las llamas que amenazaban distintas jurisdicciones. En una jornada marcada por el rigor clim\u00e1tico, las fuerzas de seguridad y brigadistas lograron neutralizar focos \u00edgneos en Paso de los Libres, [&hellip;]<\/p>\n","protected":false},"author":2,"featured_media":7031,"comment_status":"open","ping_status":"open","sticky":false,"template":"","format":"standard","meta":{"footnotes":""},"categories":[78],"tags":[],"class_list":{"0":"post-7030","1":"post","2":"type-post","3":"status-publish","4":"format-standard","5":"has-post-thumbnail","7":"category-generales"},"_links":{"self":[{"href":"https:\/\/elpueblonoticia.com.ar\/web\/wp-json\/wp\/v2\/posts\/7030","targetHints":{"allow":["GET"]}}],"collection":[{"href":"https:\/\/elpueblonoticia.com.ar\/web\/wp-json\/wp\/v2\/posts"}],"about":[{"href":"https:\/\/elpueblonoticia.com.ar\/web\/wp-json\/wp\/v2\/types\/post"}],"author":[{"embeddable":true,"href":"https:\/\/elpueblonoticia.com.ar\/web\/wp-json\/wp\/v2\/users\/2"}],"replies":[{"embeddable":true,"href":"https:\/\/elpueblonoticia.com.ar\/web\/wp-json\/wp\/v2\/comments?post=7030"}],"version-history":[{"count":1,"href":"https:\/\/elpueblonoticia.com.ar\/web\/wp-json\/wp\/v2\/posts\/7030\/revisions"}],"predecessor-version":[{"id":7032,"href":"https:\/\/elpueblonoticia.com.ar\/web\/wp-json\/wp\/v2\/posts\/7030\/revisions\/7032"}],"wp:featuredmedia":[{"embeddable":true,"href":"https:\/\/elpueblonoticia.com.ar\/web\/wp-json\/wp\/v2\/media\/7031"}],"wp:attachment":[{"href":"https:\/\/elpueblonoticia.com.ar\/web\/wp-json\/wp\/v2\/media?parent=7030"}],"wp:term":[{"taxonomy":"category","embeddable":true,"href":"https:\/\/elpueblonoticia.com.ar\/web\/wp-json\/wp\/v2\/categories?post=7030"},{"taxonomy":"post_tag","embeddable":true,"href":"https:\/\/elpueblonoticia.com.ar\/web\/wp-json\/wp\/v2\/tags?post=7030"}],"curies":[{"name":"wp","href":"https:\/\/api.w.org\/{rel}","templated":true}]}}