{"id":7026,"date":"2026-02-13T10:01:57","date_gmt":"2026-02-13T13:01:57","guid":{"rendered":"https:\/\/elpueblonoticia.com.ar\/web\/?p=7026"},"modified":"2026-02-13T10:01:57","modified_gmt":"2026-02-13T13:01:57","slug":"dengue-en-corrientes-activan-protocolo-sanitario-en-el-interior-tras-seis-casos-sospechosos","status":"publish","type":"post","link":"https:\/\/elpueblonoticia.com.ar\/web\/2026\/02\/13\/dengue-en-corrientes-activan-protocolo-sanitario-en-el-interior-tras-seis-casos-sospechosos\/","title":{"rendered":"Dengue en Corrientes: activan protocolo sanitario en el interior tras seis casos sospechosos"},"content":{"rendered":"<div class=\"titulo-nota\"><strong>Autoridades de la municipalidad de Santo Tom\u00e9 a trav\u00e9s de personal de Atenci\u00f3n Primaria de la Salud (APS), informaron que los trabajos consisten en visitas domiciliarias, descacharrizado y fumigaci\u00f3n<\/strong>.<\/div>\n<p>&nbsp;<\/p>\n<p>La directora de APS de ese municipio correntino lindante con Brasil, a trav\u00e9s del R\u00edo Uruguay, explic\u00f3 que &#8221; entre enero y febrero -2026-, registramos seis casos asumidos como sospechosos. Hasta el d\u00eda de hoy ning\u00fan caso fue confirmado como positivo. Como estamos en una fase de interbrote, nos manejamos bajo los lineamientos de la Direcci\u00f3n de Epidemiolog\u00eda de Corrientes. Todos estos casos los tenemos ac\u00e1, desde el laboratorio, son sospechosos, y tenemos que enviar las muestras del suero a Corrientes Capital, y desde all\u00e1 nos informan si son positivos o negativos&#8221;, detall\u00f3 la m\u00e9dica Azucena R\u00edos.<\/p>\n<p>Solicit\u00f3 a la poblaci\u00f3n que &#8220;ante cualquier s\u00edntoma se acerque a cualquier centro de salud o a las salitas de atenci\u00f3n primaria, est\u00e1n todas activas y no se automediquen, y tengan todos los cuidados preventivos. Viste que hace mucho calor, hay muchos mosquitos a la tardecita-noche, el uso de repelente, la buena hidrataci\u00f3n, esa es la situaci\u00f3n que estamos viviendo&#8221;.<\/p>\n<p>&nbsp;<\/p>\n","protected":false},"excerpt":{"rendered":"<p>Autoridades de la municipalidad de Santo Tom\u00e9 a trav\u00e9s de personal de Atenci\u00f3n Primaria de la Salud (APS), informaron que los trabajos consisten en visitas domiciliarias, descacharrizado y fumigaci\u00f3n. &nbsp; La directora de APS de ese municipio correntino lindante con Brasil, a trav\u00e9s del R\u00edo Uruguay, explic\u00f3 que &#8221; entre enero y febrero -2026-, registramos [&hellip;]<\/p>\n","protected":false},"author":2,"featured_media":7027,"comment_status":"open","ping_status":"open","sticky":false,"template":"","format":"standard","meta":{"footnotes":""},"categories":[78],"tags":[],"class_list":{"0":"post-7026","1":"post","2":"type-post","3":"status-publish","4":"format-standard","5":"has-post-thumbnail","7":"category-generales"},"_links":{"self":[{"href":"https:\/\/elpueblonoticia.com.ar\/web\/wp-json\/wp\/v2\/posts\/7026","targetHints":{"allow":["GET"]}}],"collection":[{"href":"https:\/\/elpueblonoticia.com.ar\/web\/wp-json\/wp\/v2\/posts"}],"about":[{"href":"https:\/\/elpueblonoticia.com.ar\/web\/wp-json\/wp\/v2\/types\/post"}],"author":[{"embeddable":true,"href":"https:\/\/elpueblonoticia.com.ar\/web\/wp-json\/wp\/v2\/users\/2"}],"replies":[{"embeddable":true,"href":"https:\/\/elpueblonoticia.com.ar\/web\/wp-json\/wp\/v2\/comments?post=7026"}],"version-history":[{"count":1,"href":"https:\/\/elpueblonoticia.com.ar\/web\/wp-json\/wp\/v2\/posts\/7026\/revisions"}],"predecessor-version":[{"id":7028,"href":"https:\/\/elpueblonoticia.com.ar\/web\/wp-json\/wp\/v2\/posts\/7026\/revisions\/7028"}],"wp:featuredmedia":[{"embeddable":true,"href":"https:\/\/elpueblonoticia.com.ar\/web\/wp-json\/wp\/v2\/media\/7027"}],"wp:attachment":[{"href":"https:\/\/elpueblonoticia.com.ar\/web\/wp-json\/wp\/v2\/media?parent=7026"}],"wp:term":[{"taxonomy":"category","embeddable":true,"href":"https:\/\/elpueblonoticia.com.ar\/web\/wp-json\/wp\/v2\/categories?post=7026"},{"taxonomy":"post_tag","embeddable":true,"href":"https:\/\/elpueblonoticia.com.ar\/web\/wp-json\/wp\/v2\/tags?post=7026"}],"curies":[{"name":"wp","href":"https:\/\/api.w.org\/{rel}","templated":true}]}}