{"id":7022,"date":"2026-02-13T09:54:31","date_gmt":"2026-02-13T12:54:31","guid":{"rendered":"https:\/\/elpueblonoticia.com.ar\/web\/?p=7022"},"modified":"2026-02-13T09:54:31","modified_gmt":"2026-02-13T12:54:31","slug":"los-salarios-registrados-perdieron-terreno-frente-a-la-inflacion-en-diciembre-y-cerraron-2025-a-la-baja","status":"publish","type":"post","link":"https:\/\/elpueblonoticia.com.ar\/web\/2026\/02\/13\/los-salarios-registrados-perdieron-terreno-frente-a-la-inflacion-en-diciembre-y-cerraron-2025-a-la-baja\/","title":{"rendered":"Los salarios registrados perdieron terreno frente a la inflaci\u00f3n en diciembre y cerraron 2025 a la baja"},"content":{"rendered":"<div>\n<section class=\"detail-body first-paragraph\">\n<section class=\"body-content note-body content-protected-false\" data-twitter-link=\"&lt;a href=\"><strong>El reciente informe del Instituto Nacional de Estad\u00edstica y Censos (INDEC) mostr\u00f3 que los salarios formales, ya sean del sector p\u00fablico o privado, registraron en diciembre un deterioro frente a la inflaci\u00f3n que termin\u00f3 consolidando una p\u00e9rdida de m\u00e1s de 2% en todo 2025<\/strong>.<\/p>\n<p>&nbsp;<\/p>\n<p>Los n\u00fameros oficiales indican que, a pesar de que hubo incrementos nominales en los haberes, estos no alcanzaron para mantener el poder adquisitivo de los trabajadores, sobre todo en los \u00faltimos meses, que se convirtieron en el periodo m\u00e1s cr\u00edtico del a\u00f1o.<\/p>\n<\/section>\n<\/section>\n<section class=\"detail-body second-paragraph\">\n<section class=\"body-content note-body content-protected-false\"><strong>De acuerdo con el organismo, en diciembre los salarios aumentaron 2%, mientras que la inflaci\u00f3n del mes lleg\u00f3 a 2,8%, provocando que los ingresos reales se redujeran.<\/strong>\u00a0Este retroceso mensual explica por completo la ca\u00edda anual: el desplome de m\u00e1s del 2% del poder de compra se concentr\u00f3 en el \u00faltimo cuatrimestre, un tramo del a\u00f1o clave que termin\u00f3 de erosionar los ingresos frente al avance de los precios en alimentos, servicios y transporte.<\/p>\n<section class=\"detail-body\">\n<section class=\"body-content note-body content-protected-false\">Dentro de este panorama, los empleados p\u00fablicos fueron los m\u00e1s perjudicados.\u00a0<strong>Sus salarios subieron apenas 1% en diciembre, lo que se tradujo en una p\u00e9rdida real de 1,8% de su poder adquisitivo.<\/strong>\u00a0En cambio, los privados registraron un incremento del 2,5%, aunque igualmente experimentaron una ca\u00edda de 0,3% en t\u00e9rminos reales, seg\u00fan el c\u00e1lculo de \u00c1mbito basado en datos del INDEC.<\/p>\n<\/section>\n<\/section>\n<section class=\"detail-body\">\n<section class=\"body-content note-body content-protected-false\">Si se analiza el total del a\u00f1o, los haberes registrados crecieron 28,8% en t\u00e9rminos nominales, pero la inflaci\u00f3n acumulada fue de 31,5%, con lo que la p\u00e9rdida real se ubic\u00f3 en 2,1%. Este retroceso interanual se explica \u00fanicamente por la ca\u00edda del \u00faltimo cuatrimestre, cuando los ingresos reales se hundieron 2,5%, afectando directamente la capacidad de consumo de los trabajadores y su margen de ahorro.<\/p>\n<\/section>\n<\/section>\n<section class=\"detail-body\">\n<section class=\"body-content note-body content-protected-false\"><strong>Si la referencia se toma desde la llegada del presidente Javier Milei, el panorama es a\u00fan m\u00e1s adverso: los salarios de todos los trabajadores registrados registran una p\u00e9rdida de 7,1% en poder adquisitivo desde el inicio de su gesti\u00f3n<\/strong>. En este marco, los empleados p\u00fablicos fueron los que m\u00e1s sufrieron, con una ca\u00edda de 17,03%, mientras que los privados cedieron solo 1,55%. El dato evidencia las dificultades que enfrentan los salarios para mantenerse a la par de la inflaci\u00f3n en un contexto econ\u00f3mico marcado por subas de precios constantes y aumentos parciales que no alcanzan a cubrir las necesidades de los trabajadores.<\/p>\n<\/section>\n<\/section>\n<\/section>\n<\/section>\n<\/div>\n<div class=\"s2s_supra_contenedor lang_directon_right s2sdefault  align_left  s2s_balloon_bottom \">\n<div class=\"s2s_contenedor  s2s_no_text  s2s-btn-group\">\n<div class=\"s2s_twitter s2s_btn s2s-btn-xs \">\n<div class=\"globo s2s_globo_closed s2s_twitter_iframe\"><\/div>\n<\/div>\n<div class=\"s2s_facebook s2s_btn s2s-btn-xs \">\n<div class=\"globo s2s_globo_closed s2s_facebook_iframe\"><\/div>\n<\/div>\n<div class=\"s2s_wapp s2s_btn s2s-btn-xs  \">\n<div class=\"globo s2s_globo_closed s2s_wapp_iframe\"><\/div>\n<\/div>\n<\/div>\n<div class=\"s2s_credits_wrapper\"><\/div>\n<\/div>\n","protected":false},"excerpt":{"rendered":"<p>El reciente informe del Instituto Nacional de Estad\u00edstica y Censos (INDEC) mostr\u00f3 que los salarios formales, ya sean del sector p\u00fablico o privado, registraron en diciembre un deterioro frente a la inflaci\u00f3n que termin\u00f3 consolidando una p\u00e9rdida de m\u00e1s de 2% en todo 2025. &nbsp; Los n\u00fameros oficiales indican que, a pesar de que hubo [&hellip;]<\/p>\n","protected":false},"author":2,"featured_media":7023,"comment_status":"open","ping_status":"open","sticky":false,"template":"","format":"standard","meta":{"footnotes":""},"categories":[65],"tags":[],"class_list":{"0":"post-7022","1":"post","2":"type-post","3":"status-publish","4":"format-standard","5":"has-post-thumbnail","7":"category-economia"},"_links":{"self":[{"href":"https:\/\/elpueblonoticia.com.ar\/web\/wp-json\/wp\/v2\/posts\/7022","targetHints":{"allow":["GET"]}}],"collection":[{"href":"https:\/\/elpueblonoticia.com.ar\/web\/wp-json\/wp\/v2\/posts"}],"about":[{"href":"https:\/\/elpueblonoticia.com.ar\/web\/wp-json\/wp\/v2\/types\/post"}],"author":[{"embeddable":true,"href":"https:\/\/elpueblonoticia.com.ar\/web\/wp-json\/wp\/v2\/users\/2"}],"replies":[{"embeddable":true,"href":"https:\/\/elpueblonoticia.com.ar\/web\/wp-json\/wp\/v2\/comments?post=7022"}],"version-history":[{"count":1,"href":"https:\/\/elpueblonoticia.com.ar\/web\/wp-json\/wp\/v2\/posts\/7022\/revisions"}],"predecessor-version":[{"id":7024,"href":"https:\/\/elpueblonoticia.com.ar\/web\/wp-json\/wp\/v2\/posts\/7022\/revisions\/7024"}],"wp:featuredmedia":[{"embeddable":true,"href":"https:\/\/elpueblonoticia.com.ar\/web\/wp-json\/wp\/v2\/media\/7023"}],"wp:attachment":[{"href":"https:\/\/elpueblonoticia.com.ar\/web\/wp-json\/wp\/v2\/media?parent=7022"}],"wp:term":[{"taxonomy":"category","embeddable":true,"href":"https:\/\/elpueblonoticia.com.ar\/web\/wp-json\/wp\/v2\/categories?post=7022"},{"taxonomy":"post_tag","embeddable":true,"href":"https:\/\/elpueblonoticia.com.ar\/web\/wp-json\/wp\/v2\/tags?post=7022"}],"curies":[{"name":"wp","href":"https:\/\/api.w.org\/{rel}","templated":true}]}}