{"id":7018,"date":"2026-02-13T09:45:48","date_gmt":"2026-02-13T12:45:48","guid":{"rendered":"https:\/\/elpueblonoticia.com.ar\/web\/?p=7018"},"modified":"2026-02-13T09:45:48","modified_gmt":"2026-02-13T12:45:48","slug":"consejo-de-la-magistratura-abren-la-convocatoria-1-26-para-cubrir-cinco-cargos-en-el-poder-judicial-de-corrientes","status":"publish","type":"post","link":"https:\/\/elpueblonoticia.com.ar\/web\/2026\/02\/13\/consejo-de-la-magistratura-abren-la-convocatoria-1-26-para-cubrir-cinco-cargos-en-el-poder-judicial-de-corrientes\/","title":{"rendered":"CONSEJO DE LA MAGISTRATURA: Abren la Convocatoria 1\/26 para cubrir cinco cargos en el Poder Judicial de Corrientes"},"content":{"rendered":"<div id=\"modalIntrotext\">\n<div>La inscripci\u00f3n estar\u00e1 habilitada del 19 de febrero al 4 de marzo de 2026 y comprende vacantes para Juez de Garant\u00edas, Juez de Paz, Fiscal y Defensor Oficial en distintas circunscripciones judiciales de la provincia.<\/div>\n<div><\/div>\n<div><\/div>\n<div>\n<div class=\"contenido\">\n<div id=\"modalFulltext\">El Consejo de la Magistratura de la Provincia de Corrientes realiz\u00f3 la Convocatoria 1\/26 para cubrir cargos en el Poder Judicial provincial, conforme lo establecido en el art\u00edculo 194 de la Constituci\u00f3n de la Provincia de Corrientes.<\/p>\n<p>La convocatoria comprende vacantes en distintas circunscripciones judiciales:<\/p>\n<p><b>Primera Circunscripci\u00f3n Judicial:<\/b><\/p>\n<p>Un (1) cargo de Juez de Garant\u00edas, con asiento en la ciudad de Corrientes.<br \/>\nUn (1) cargo de Juez de Paz, con asiento en la ciudad de Ber\u00f3n de Astrada.<br \/>\nSegunda Circunscripci\u00f3n Judicial<\/p>\n<p><b>Con asiento en la ciudad de Goya:<\/b><\/p>\n<p>Un (1) cargo de Fiscal de la UFIC (Unidad Fiscal de Investigaciones Concretas).<br \/>\nUn (1) cargo de Defensor Oficial de la U.D.E.F.O (Unidad de la Defensa Oficial).<br \/>\nCuarta Circunscripci\u00f3n Judicial:<\/p>\n<p>Un (1) cargo de Fiscal Rural y Ambiental, con asiento en la ciudad de Paso de los Libres.<br \/>\nInscripci\u00f3n y plazo<\/p>\n<p>La inscripci\u00f3n deber\u00e1 realizarse a trav\u00e9s del sitio web oficial:<\/p>\n<p>https:\/\/www.juscorrientes.gov.ar\/seccion\/consejo-de-la-magistratura\/convocatorias<\/p>\n<p>El plazo para inscribirse se extender\u00e1 desde las 00:00 horas del 19 de febrero de 2026 hasta las 24:00 horas del 4 de marzo de 2026.<\/p>\n<p>Para informes, las personas interesadas pueden consultar el mismo sitio web o comunicarse a los tel\u00e9fonos 379-4104331 (fijo) o 3795-068572 (celular \u2013 WhatsApp).<\/p>\n<p><b>Requisitos<\/b><\/p>\n<p>Los requisitos de admisibilidad se encuentran establecidos en el art\u00edculo 181 de la Constituci\u00f3n Provincial; en los art\u00edculos 13 y 14 de la Ley Org\u00e1nica de la Administraci\u00f3n de Justicia; en el art\u00edculo 6 de la Ley Org\u00e1nica del Ministerio P\u00fablico; y en los art\u00edculos 26, 26 bis y 68 (segundo p\u00e1rrafo) del Reglamento Interno del Consejo de la Magistratura.<\/p><\/div>\n<div>\n<div id=\"117986-4\"><\/div>\n<div id=\"117986-6\"><\/div>\n<div id=\"117986-3\"><\/div>\n<\/div>\n<\/div>\n<div class=\"modalRedes\"><\/div>\n<\/div>\n<\/div>\n","protected":false},"excerpt":{"rendered":"<p>La inscripci\u00f3n estar\u00e1 habilitada del 19 de febrero al 4 de marzo de 2026 y comprende vacantes para Juez de Garant\u00edas, Juez de Paz, Fiscal y Defensor Oficial en distintas circunscripciones judiciales de la provincia. El Consejo de la Magistratura de la Provincia de Corrientes realiz\u00f3 la Convocatoria 1\/26 para cubrir cargos en el Poder [&hellip;]<\/p>\n","protected":false},"author":2,"featured_media":7019,"comment_status":"open","ping_status":"open","sticky":false,"template":"","format":"standard","meta":{"footnotes":""},"categories":[78],"tags":[],"class_list":{"0":"post-7018","1":"post","2":"type-post","3":"status-publish","4":"format-standard","5":"has-post-thumbnail","7":"category-generales"},"_links":{"self":[{"href":"https:\/\/elpueblonoticia.com.ar\/web\/wp-json\/wp\/v2\/posts\/7018","targetHints":{"allow":["GET"]}}],"collection":[{"href":"https:\/\/elpueblonoticia.com.ar\/web\/wp-json\/wp\/v2\/posts"}],"about":[{"href":"https:\/\/elpueblonoticia.com.ar\/web\/wp-json\/wp\/v2\/types\/post"}],"author":[{"embeddable":true,"href":"https:\/\/elpueblonoticia.com.ar\/web\/wp-json\/wp\/v2\/users\/2"}],"replies":[{"embeddable":true,"href":"https:\/\/elpueblonoticia.com.ar\/web\/wp-json\/wp\/v2\/comments?post=7018"}],"version-history":[{"count":1,"href":"https:\/\/elpueblonoticia.com.ar\/web\/wp-json\/wp\/v2\/posts\/7018\/revisions"}],"predecessor-version":[{"id":7020,"href":"https:\/\/elpueblonoticia.com.ar\/web\/wp-json\/wp\/v2\/posts\/7018\/revisions\/7020"}],"wp:featuredmedia":[{"embeddable":true,"href":"https:\/\/elpueblonoticia.com.ar\/web\/wp-json\/wp\/v2\/media\/7019"}],"wp:attachment":[{"href":"https:\/\/elpueblonoticia.com.ar\/web\/wp-json\/wp\/v2\/media?parent=7018"}],"wp:term":[{"taxonomy":"category","embeddable":true,"href":"https:\/\/elpueblonoticia.com.ar\/web\/wp-json\/wp\/v2\/categories?post=7018"},{"taxonomy":"post_tag","embeddable":true,"href":"https:\/\/elpueblonoticia.com.ar\/web\/wp-json\/wp\/v2\/tags?post=7018"}],"curies":[{"name":"wp","href":"https:\/\/api.w.org\/{rel}","templated":true}]}}