{"id":7009,"date":"2026-02-13T09:10:47","date_gmt":"2026-02-13T12:10:47","guid":{"rendered":"https:\/\/elpueblonoticia.com.ar\/web\/?p=7009"},"modified":"2026-02-13T09:10:47","modified_gmt":"2026-02-13T12:10:47","slug":"grabois-si-quieren-bajar-la-edad-de-imputabilidad-a-cero-que-lo-hagan-el-problema-es-el-consumo","status":"publish","type":"post","link":"https:\/\/elpueblonoticia.com.ar\/web\/2026\/02\/13\/grabois-si-quieren-bajar-la-edad-de-imputabilidad-a-cero-que-lo-hagan-el-problema-es-el-consumo\/","title":{"rendered":"Grabois: &#8220;Si quieren bajar la edad de imputabilidad a cero, que lo hagan; el problema es el consumo&#8221;"},"content":{"rendered":"<p>El diputado del bloque peronista asegur\u00f3 que, en extraordinarias, deber\u00edan haber incluido la Ley de Salud Mental. Grabois manifest\u00f3 que \u201ces lamentable\u201d que diputados cat\u00f3licos \u201cque se rasgan las vestiduras por otros temas\u201d, no escuchen a la Conferencia Episcopal que llama a discutir la situaci\u00f3n de los chicos \u201cque est\u00e1n en situaci\u00f3n de consumo\u201d y que son \u201clos que principalmente delinquen\u201d.<\/p>\n<p>&nbsp;<\/p>\n<p>Buenos Aires, 12 febrero (NA) \u2013 El diputado nacional del bloque peronista Juan Grabois asegur\u00f3 que si sus pares quieren bajar la edad de imputabilidad \u201ca cero\u201d que lo hagan, ya que a su consideraci\u00f3n el problema es \u201cla situaci\u00f3n previa de las ni\u00f1as, ni\u00f1os y adolescentes\u201d vinculada a la salud mental y al consumo.<\/p>\n<p>\u201cLa baja la pueden hacer a los cero a\u00f1os, si quieren, porque es una falsa dicotom\u00eda. El problema es c\u00f3mo abordar la criminalidad de ni\u00f1os, ni\u00f1as y adolescentes y el abordaje tiene que ser en la situaci\u00f3n previa, que involucra la salud mental y el consumo. Cuando vos ten\u00e9s un pibe perdido por el paco, el Estado tiene que poder tener las herramientas para que vaya a un centro de internaci\u00f3n y eso no existe. Y ellos (el oficialismo y los bloques alineados) lo dicen. Pero no pusieron la Ley de salud mental en extraordinarias, porque no les interesa, son unos mentirosos y enga\u00f1an a la gente\u201d, indic\u00f3.<\/p>\n<p>Asegur\u00f3 que, desde su espacio, tienen la postura de la Iglesia Cat\u00f3lica Argentina y manifest\u00f3 que \u201ces lamentable\u201d que diputados cat\u00f3licos \u201cque se rasgan las vestiduras por otros temas\u201d, no escuchen a la Conferencia Episcopal que llama a discutir la situaci\u00f3n de los chicos \u201cque est\u00e1n en situaci\u00f3n de consumo\u201d y que son \u201clos que principalmente delinquen\u201d.<\/p>\n<p>Adem\u00e1s, remarc\u00f3 que uno de los focos m\u00e1s importantes por parte del Estado ser\u00eda crear lugares confinados para que los j\u00f3venes que presentan adicciones \u201cpuedan internarse\u201d y, por ende, encauzar una recuperaci\u00f3n: \u201cEs lo que me piden las madres en los barrios\u201d.<\/p>\n<p>\u201cTambi\u00e9n tenemos la posici\u00f3n de que cuando hay un hecho de sangre, un hecho grave, haya un juicio y una sanci\u00f3n. No es que estos son los paladines de la justicia y defensa de las v\u00edctimas, utilizan el dolor de ellas para hacer politiquer\u00eda barata\u201d, concluy\u00f3.#AgenciaNA<\/p>\n","protected":false},"excerpt":{"rendered":"<p>El diputado del bloque peronista asegur\u00f3 que, en extraordinarias, deber\u00edan haber incluido la Ley de Salud Mental. Grabois manifest\u00f3 que \u201ces lamentable\u201d que diputados cat\u00f3licos \u201cque se rasgan las vestiduras por otros temas\u201d, no escuchen a la Conferencia Episcopal que llama a discutir la situaci\u00f3n de los chicos \u201cque est\u00e1n en situaci\u00f3n de consumo\u201d y [&hellip;]<\/p>\n","protected":false},"author":2,"featured_media":7010,"comment_status":"open","ping_status":"open","sticky":false,"template":"","format":"standard","meta":{"footnotes":""},"categories":[66],"tags":[],"class_list":{"0":"post-7009","1":"post","2":"type-post","3":"status-publish","4":"format-standard","5":"has-post-thumbnail","7":"category-politica-nacionales"},"_links":{"self":[{"href":"https:\/\/elpueblonoticia.com.ar\/web\/wp-json\/wp\/v2\/posts\/7009","targetHints":{"allow":["GET"]}}],"collection":[{"href":"https:\/\/elpueblonoticia.com.ar\/web\/wp-json\/wp\/v2\/posts"}],"about":[{"href":"https:\/\/elpueblonoticia.com.ar\/web\/wp-json\/wp\/v2\/types\/post"}],"author":[{"embeddable":true,"href":"https:\/\/elpueblonoticia.com.ar\/web\/wp-json\/wp\/v2\/users\/2"}],"replies":[{"embeddable":true,"href":"https:\/\/elpueblonoticia.com.ar\/web\/wp-json\/wp\/v2\/comments?post=7009"}],"version-history":[{"count":1,"href":"https:\/\/elpueblonoticia.com.ar\/web\/wp-json\/wp\/v2\/posts\/7009\/revisions"}],"predecessor-version":[{"id":7011,"href":"https:\/\/elpueblonoticia.com.ar\/web\/wp-json\/wp\/v2\/posts\/7009\/revisions\/7011"}],"wp:featuredmedia":[{"embeddable":true,"href":"https:\/\/elpueblonoticia.com.ar\/web\/wp-json\/wp\/v2\/media\/7010"}],"wp:attachment":[{"href":"https:\/\/elpueblonoticia.com.ar\/web\/wp-json\/wp\/v2\/media?parent=7009"}],"wp:term":[{"taxonomy":"category","embeddable":true,"href":"https:\/\/elpueblonoticia.com.ar\/web\/wp-json\/wp\/v2\/categories?post=7009"},{"taxonomy":"post_tag","embeddable":true,"href":"https:\/\/elpueblonoticia.com.ar\/web\/wp-json\/wp\/v2\/tags?post=7009"}],"curies":[{"name":"wp","href":"https:\/\/api.w.org\/{rel}","templated":true}]}}