{"id":6995,"date":"2026-02-12T11:59:03","date_gmt":"2026-02-12T14:59:03","guid":{"rendered":"https:\/\/elpueblonoticia.com.ar\/web\/?p=6995"},"modified":"2026-02-12T11:59:03","modified_gmt":"2026-02-12T14:59:03","slug":"gianni-defendio-su-foto-en-bikini-y-redoblo-criticas-a-espinoza","status":"publish","type":"post","link":"https:\/\/elpueblonoticia.com.ar\/web\/2026\/02\/12\/gianni-defendio-su-foto-en-bikini-y-redoblo-criticas-a-espinoza\/","title":{"rendered":"Gianni defendi\u00f3 su foto en bikini y redobl\u00f3 cr\u00edticas a Espinoza"},"content":{"rendered":"<p>La funcionaria libertaria de La Matanza explic\u00f3 el posteo que la volvi\u00f3 tendencia, rechaz\u00f3 que haya sido una provocaci\u00f3n y apunt\u00f3 contra la gesti\u00f3n municipal por los microbasurales y la presi\u00f3n fiscal. Tambi\u00e9n respald\u00f3 la reforma laboral aprobada en el Senado.<\/p>\n<p>La concejal de La Libertad Avanza (LLA) en La Matanza, Leila Gianni, defendi\u00f3 el posteo en redes sociales que la convirti\u00f3 en tendencia en las \u00faltimas semanas y neg\u00f3 que se haya tratado de una provocaci\u00f3n. &#8220;Es una foto en bikini, no tiene nada de malo&#8221;, afirm\u00f3 hoy en una entrevista con un canal de streaming.<\/p>\n<p>&#8220;Estamos en verano. Es una foto en malla que no tiene nada de extra\u00f1o. No estoy delinquiendo, no estoy robando ni alcoholizada. Es una foto en bikini, o sea, no tiene nada de malo&#8221;, sostuvo la edil, que asumi\u00f3 su banca en el Concejo Deliberante tras las elecciones legislativas de 2025. La publicaci\u00f3n, en la que posa en bikini junto a una ba\u00f1era con una frase de la canci\u00f3n Mis noches de enero, de Tan Bi\u00f3nica, gest\u00f3 un amplio debate en redes.<\/p>\n<p>Gianni rechaz\u00f3 que su exposici\u00f3n p\u00fablica busque provocar. &#8220;No soy provocadora&#8221;, remarc\u00f3, y plante\u00f3 que ese tipo de posteos muestran una faceta personal: &#8220;Pod\u00e9s sacarte una foto en bikini, o pod\u00e9s cantar como hace nuestro Presidente. Vean el trabajo que uno hace. Soy una madre de cinco pibes, que se mete en los territorios m\u00e1s hostiles, acompa\u00f1a a los vecinos&#8221;.<\/p>\n<p>En ese contexto, tambi\u00e9n lanz\u00f3 cr\u00edticas hacia la ex presidenta Cristina Kirchner al contrastar estilos de liderazgo: &#8220;Tengan en cuenta que despu\u00e9s ten\u00edas a se\u00f1oras como la condenada, con la tobillera, con los rosarios de oro, las mejores carteras y tacos de aguja&#8221;, expres\u00f3.<\/p>\n<p>M\u00e1s all\u00e1 de la pol\u00e9mica por la imagen, la concejal\u00a0centr\u00f3 buena parte de sus declaraciones en la gesti\u00f3n del intendente Fernando Espinoza. En relaci\u00f3n con un video propio donde ironiza con la frase &#8220;qu\u00e9 lindas gomas&#8221;, explic\u00f3 que busc\u00f3 visibilizar la proliferaci\u00f3n de microbasurales y el uso de neum\u00e1ticos pintados en el espacio p\u00fablico. &#8220;Lo reclamamos con los vecinos. Espinoza, \u00bfc\u00f3mo reacciona? Pasan la pala, detona todo, pero a todo le pone gomas. En La Matanza, donde vas, vas a encontrar gomas. Te hace el caminito de gomas, los canteros de gomas&#8230; No s\u00e9, es un fan\u00e1tico de las gomas. Tendr\u00eda que poner una gomer\u00eda el se\u00f1or&#8221;, cuestion\u00f3.<\/p>\n<p>Seg\u00fan Gianni, la situaci\u00f3n en el distrito refleja problemas estructurales no resueltos. &#8220;La gente est\u00e1 haciendo el esfuerzo desde diciembre de 2023 y banca el cambio de rumbo. En La Matanza vive con miedo, con terror, hay barrios tomados por los punteros de Espinoza&#8221;, denunci\u00f3. Y a\u00f1adi\u00f3: &#8220;La gente no es tonta, saben que no hay soluciones m\u00e1gicas&#8221;.<\/p>\n<p>En el plano nacional, celebr\u00f3 la media sanci\u00f3n de la reforma laboral en el Senado y defendi\u00f3 la iniciativa oficialista. &#8220;Estoy muy feliz y orgullosa del gran trabajo que han hecho los senadores y de Patricia Bullrich&#8221;, afirm\u00f3. Sobre el proyecto, agreg\u00f3: &#8220;La ley data de 1974, las formas de trabajo han cambiado, que protege y trae beneficios al empleado y al empleador&#8221;.<\/p>\n","protected":false},"excerpt":{"rendered":"<p>La funcionaria libertaria de La Matanza explic\u00f3 el posteo que la volvi\u00f3 tendencia, rechaz\u00f3 que haya sido una provocaci\u00f3n y apunt\u00f3 contra la gesti\u00f3n municipal por los microbasurales y la presi\u00f3n fiscal. Tambi\u00e9n respald\u00f3 la reforma laboral aprobada en el Senado. La concejal de La Libertad Avanza (LLA) en La Matanza, Leila Gianni, defendi\u00f3 el [&hellip;]<\/p>\n","protected":false},"author":2,"featured_media":6996,"comment_status":"open","ping_status":"open","sticky":false,"template":"","format":"standard","meta":{"footnotes":""},"categories":[66],"tags":[],"class_list":{"0":"post-6995","1":"post","2":"type-post","3":"status-publish","4":"format-standard","5":"has-post-thumbnail","7":"category-politica-nacionales"},"_links":{"self":[{"href":"https:\/\/elpueblonoticia.com.ar\/web\/wp-json\/wp\/v2\/posts\/6995","targetHints":{"allow":["GET"]}}],"collection":[{"href":"https:\/\/elpueblonoticia.com.ar\/web\/wp-json\/wp\/v2\/posts"}],"about":[{"href":"https:\/\/elpueblonoticia.com.ar\/web\/wp-json\/wp\/v2\/types\/post"}],"author":[{"embeddable":true,"href":"https:\/\/elpueblonoticia.com.ar\/web\/wp-json\/wp\/v2\/users\/2"}],"replies":[{"embeddable":true,"href":"https:\/\/elpueblonoticia.com.ar\/web\/wp-json\/wp\/v2\/comments?post=6995"}],"version-history":[{"count":1,"href":"https:\/\/elpueblonoticia.com.ar\/web\/wp-json\/wp\/v2\/posts\/6995\/revisions"}],"predecessor-version":[{"id":6997,"href":"https:\/\/elpueblonoticia.com.ar\/web\/wp-json\/wp\/v2\/posts\/6995\/revisions\/6997"}],"wp:featuredmedia":[{"embeddable":true,"href":"https:\/\/elpueblonoticia.com.ar\/web\/wp-json\/wp\/v2\/media\/6996"}],"wp:attachment":[{"href":"https:\/\/elpueblonoticia.com.ar\/web\/wp-json\/wp\/v2\/media?parent=6995"}],"wp:term":[{"taxonomy":"category","embeddable":true,"href":"https:\/\/elpueblonoticia.com.ar\/web\/wp-json\/wp\/v2\/categories?post=6995"},{"taxonomy":"post_tag","embeddable":true,"href":"https:\/\/elpueblonoticia.com.ar\/web\/wp-json\/wp\/v2\/tags?post=6995"}],"curies":[{"name":"wp","href":"https:\/\/api.w.org\/{rel}","templated":true}]}}