{"id":6990,"date":"2026-02-12T11:42:56","date_gmt":"2026-02-12T14:42:56","guid":{"rendered":"https:\/\/elpueblonoticia.com.ar\/web\/?p=6990"},"modified":"2026-02-12T11:48:06","modified_gmt":"2026-02-12T14:48:06","slug":"bullrich-la-ley-es-esta-y-el-gobierno-no-aceptara-cambios-a-la-reforma-laboral","status":"publish","type":"post","link":"https:\/\/elpueblonoticia.com.ar\/web\/2026\/02\/12\/bullrich-la-ley-es-esta-y-el-gobierno-no-aceptara-cambios-a-la-reforma-laboral\/","title":{"rendered":"Bullrich: &#8220;La ley es esta&#8221; y el Gobierno no aceptar\u00e1 cambios a la reforma laboral"},"content":{"rendered":"<p>Tras la aprobaci\u00f3n en el Senado, el oficialismo se prepara para la discusi\u00f3n en la C\u00e1mara baja. Desde el Ejecutivo aseguran que defender\u00e1n el texto sin modificaciones sustanciales.<\/p>\n<p>Luego de que el Senado aprobara la reforma laboral, Patricia Bullrich, anticip\u00f3 este jueves que el Gobierno no aceptar\u00e1 cambios de fondo cuando el proyecto sea tratado en la C\u00e1mara de Diputados. &#8220;La ley ya est\u00e1, es esta&#8221;, afirm\u00f3 en una entrevista con Radio Rivadavia, al marcar la postura oficial frente a la pr\u00f3xima instancia legislativa.<\/p>\n<p>Bullrich subray\u00f3 que el Senado conserva la \u00faltima palabra en el tr\u00e1mite parlamentario y dej\u00f3 en claro que el oficialismo insistir\u00e1 con el texto sancionado por la C\u00e1mara alta si Diputados introduce modificaciones significativas. &#8220;Si Diputados cambia un mont\u00f3n de cosas, a menos que haya algo que nosotros no nos hayamos dado cuenta y sea mejor, no vamos a cambiar la ley&#8221;, sostuvo.<\/p>\n<p>La funcionaria destac\u00f3 que la iniciativa obtuvo un respaldo amplio en la C\u00e1mara alta. Seg\u00fan detall\u00f3, la mayor\u00eda de los art\u00edculos consigui\u00f3 42 votos afirmativos, superando el m\u00ednimo requerido. Incluso el art\u00edculo con menor margen fue aprobado con 38 votos a favor y 29 en contra. &#8220;Vos junt\u00e1s una mayor\u00eda que tiene que tener los votos necesarios para que la ley salga&#8221;, se\u00f1al\u00f3.<\/p>\n<p>En cuanto al contenido de la reforma, afirm\u00f3 que &#8220;el coraz\u00f3n de la ley est\u00e1 intacto&#8221; y explic\u00f3 que el eje central es la modificaci\u00f3n del sistema de negociaci\u00f3n colectiva. El nuevo esquema prioriza la negociaci\u00f3n por empresa, provincia y territorio, en lugar del modelo vertical concentrado en acuerdos nacionales. Seg\u00fan la funcionaria, el convenio de empresa prevalecer\u00e1 sobre el regional y el nacional, lo que \u2014sostuvo\u2014 permitir\u00e1 &#8220;horizontalizar y federalizar la ley y la negociaci\u00f3n&#8221;.<\/p>\n<p>La reforma mantiene sin cambios el r\u00e9gimen de indemnizaci\u00f3n por despido, que continuar\u00e1 siendo de un a\u00f1o por a\u00f1o trabajado. &#8220;Es una tradici\u00f3n en la Argentina tener indemnizaci\u00f3n&#8221;, remarc\u00f3 la funcionaria de Milei.<\/p>\n<p>Entre las novedades, el proyecto incorpora el Fondo de Asistencia Laboral (FAL), destinado a cubrir contingencias y pasivos laborales, con el objetivo de brindar mayor previsibilidad a las empresas. Tambi\u00e9n se suman instrumentos como el banco de horas y el salario din\u00e1mico, en l\u00ednea con lo que el Gobierno define como una modernizaci\u00f3n del r\u00e9gimen laboral.<\/p>\n<p>Durante el debate parlamentario participaron distintos sectores. La CGT fue invitada a exponer y present\u00f3 propuestas, algunas de las cuales fueron incorporadas, aunque no acompa\u00f1\u00f3 la reforma. Bullrich aclar\u00f3 que el Ejecutivo no avanz\u00f3 sobre el financiamiento de las obras sociales sindicales. Adem\u00e1s, se sumaron aportes de c\u00e1maras empresarias, del sector agropecuario y de la industria pesquera.<\/p>\n<p>De cara al tratamiento en Diputados, el oficialismo busca acelerar los tiempos legislativos. &#8220;Esperemos que le hagan el tratamiento lo m\u00e1s r\u00e1pido posible&#8221;, expres\u00f3, y fij\u00f3 un objetivo pol\u00edtico concreto: que la ley est\u00e9 aprobada antes del 1\u00b0 de mayo.<\/p>\n","protected":false},"excerpt":{"rendered":"<p>Tras la aprobaci\u00f3n en el Senado, el oficialismo se prepara para la discusi\u00f3n en la C\u00e1mara baja. Desde el Ejecutivo aseguran que defender\u00e1n el texto sin modificaciones sustanciales. Luego de que el Senado aprobara la reforma laboral, Patricia Bullrich, anticip\u00f3 este jueves que el Gobierno no aceptar\u00e1 cambios de fondo cuando el proyecto sea tratado [&hellip;]<\/p>\n","protected":false},"author":2,"featured_media":6993,"comment_status":"open","ping_status":"open","sticky":false,"template":"","format":"standard","meta":{"footnotes":""},"categories":[66],"tags":[],"class_list":{"0":"post-6990","1":"post","2":"type-post","3":"status-publish","4":"format-standard","5":"has-post-thumbnail","7":"category-politica-nacionales"},"_links":{"self":[{"href":"https:\/\/elpueblonoticia.com.ar\/web\/wp-json\/wp\/v2\/posts\/6990","targetHints":{"allow":["GET"]}}],"collection":[{"href":"https:\/\/elpueblonoticia.com.ar\/web\/wp-json\/wp\/v2\/posts"}],"about":[{"href":"https:\/\/elpueblonoticia.com.ar\/web\/wp-json\/wp\/v2\/types\/post"}],"author":[{"embeddable":true,"href":"https:\/\/elpueblonoticia.com.ar\/web\/wp-json\/wp\/v2\/users\/2"}],"replies":[{"embeddable":true,"href":"https:\/\/elpueblonoticia.com.ar\/web\/wp-json\/wp\/v2\/comments?post=6990"}],"version-history":[{"count":1,"href":"https:\/\/elpueblonoticia.com.ar\/web\/wp-json\/wp\/v2\/posts\/6990\/revisions"}],"predecessor-version":[{"id":6992,"href":"https:\/\/elpueblonoticia.com.ar\/web\/wp-json\/wp\/v2\/posts\/6990\/revisions\/6992"}],"wp:featuredmedia":[{"embeddable":true,"href":"https:\/\/elpueblonoticia.com.ar\/web\/wp-json\/wp\/v2\/media\/6993"}],"wp:attachment":[{"href":"https:\/\/elpueblonoticia.com.ar\/web\/wp-json\/wp\/v2\/media?parent=6990"}],"wp:term":[{"taxonomy":"category","embeddable":true,"href":"https:\/\/elpueblonoticia.com.ar\/web\/wp-json\/wp\/v2\/categories?post=6990"},{"taxonomy":"post_tag","embeddable":true,"href":"https:\/\/elpueblonoticia.com.ar\/web\/wp-json\/wp\/v2\/tags?post=6990"}],"curies":[{"name":"wp","href":"https:\/\/api.w.org\/{rel}","templated":true}]}}