{"id":6986,"date":"2026-02-12T11:26:53","date_gmt":"2026-02-12T14:26:53","guid":{"rendered":"https:\/\/elpueblonoticia.com.ar\/web\/?p=6986"},"modified":"2026-02-12T11:26:53","modified_gmt":"2026-02-12T14:26:53","slug":"goya-investigan-un-incendio-intencional-que-destruyo-una-vivienda","status":"publish","type":"post","link":"https:\/\/elpueblonoticia.com.ar\/web\/2026\/02\/12\/goya-investigan-un-incendio-intencional-que-destruyo-una-vivienda\/","title":{"rendered":"Goya : Investigan un incendio intencional que destruy\u00f3 una vivienda"},"content":{"rendered":"<p>Un incendio de grandes proporciones destruy\u00f3 por completo una vivienda precaria ubicada por la calle Francisco S\u00e1. El fuego se extendi\u00f3 con rapidez y provoc\u00f3 p\u00e9rdidas totales, pero la investigaci\u00f3n dio un giro tras las sospechas de que las llamas fueron iniciadas a prop\u00f3sito.<\/p>\n<p>Varias dotaciones de Bomberos Voluntarios trabajaron en el lugar para controlar el avance del fuego y evitar que las casas de los vecinos se vieran afectadas. Afortunadamente, no hab\u00eda personas dentro de la propiedad al momento de iniciarse el incendio, por lo que solo se lamentaron da\u00f1os materiales.<\/p>\n<p>La Polic\u00eda ahora trabaja sobre la hip\u00f3tesis de un ataque intencional. Seg\u00fan las primeras pericias y testimonios recolectados en la zona, el fuego no habr\u00eda sido un accidente, por lo que se inici\u00f3 una causa para dar con los responsables del hecho.<\/p>\n","protected":false},"excerpt":{"rendered":"<p>Un incendio de grandes proporciones destruy\u00f3 por completo una vivienda precaria ubicada por la calle Francisco S\u00e1. El fuego se extendi\u00f3 con rapidez y provoc\u00f3 p\u00e9rdidas totales, pero la investigaci\u00f3n dio un giro tras las sospechas de que las llamas fueron iniciadas a prop\u00f3sito. Varias dotaciones de Bomberos Voluntarios trabajaron en el lugar para controlar [&hellip;]<\/p>\n","protected":false},"author":2,"featured_media":6987,"comment_status":"open","ping_status":"open","sticky":false,"template":"","format":"standard","meta":{"footnotes":""},"categories":[56],"tags":[],"class_list":{"0":"post-6986","1":"post","2":"type-post","3":"status-publish","4":"format-standard","5":"has-post-thumbnail","7":"category-locales"},"_links":{"self":[{"href":"https:\/\/elpueblonoticia.com.ar\/web\/wp-json\/wp\/v2\/posts\/6986","targetHints":{"allow":["GET"]}}],"collection":[{"href":"https:\/\/elpueblonoticia.com.ar\/web\/wp-json\/wp\/v2\/posts"}],"about":[{"href":"https:\/\/elpueblonoticia.com.ar\/web\/wp-json\/wp\/v2\/types\/post"}],"author":[{"embeddable":true,"href":"https:\/\/elpueblonoticia.com.ar\/web\/wp-json\/wp\/v2\/users\/2"}],"replies":[{"embeddable":true,"href":"https:\/\/elpueblonoticia.com.ar\/web\/wp-json\/wp\/v2\/comments?post=6986"}],"version-history":[{"count":1,"href":"https:\/\/elpueblonoticia.com.ar\/web\/wp-json\/wp\/v2\/posts\/6986\/revisions"}],"predecessor-version":[{"id":6988,"href":"https:\/\/elpueblonoticia.com.ar\/web\/wp-json\/wp\/v2\/posts\/6986\/revisions\/6988"}],"wp:featuredmedia":[{"embeddable":true,"href":"https:\/\/elpueblonoticia.com.ar\/web\/wp-json\/wp\/v2\/media\/6987"}],"wp:attachment":[{"href":"https:\/\/elpueblonoticia.com.ar\/web\/wp-json\/wp\/v2\/media?parent=6986"}],"wp:term":[{"taxonomy":"category","embeddable":true,"href":"https:\/\/elpueblonoticia.com.ar\/web\/wp-json\/wp\/v2\/categories?post=6986"},{"taxonomy":"post_tag","embeddable":true,"href":"https:\/\/elpueblonoticia.com.ar\/web\/wp-json\/wp\/v2\/tags?post=6986"}],"curies":[{"name":"wp","href":"https:\/\/api.w.org\/{rel}","templated":true}]}}