{"id":6982,"date":"2026-02-12T11:16:22","date_gmt":"2026-02-12T14:16:22","guid":{"rendered":"https:\/\/elpueblonoticia.com.ar\/web\/?p=6982"},"modified":"2026-02-12T11:16:22","modified_gmt":"2026-02-12T14:16:22","slug":"conflicto-de-textil-alal-la-empresa-confirmo-concurso-preventivo-y-sigue-el-reclamo-de-empleados-despedidos","status":"publish","type":"post","link":"https:\/\/elpueblonoticia.com.ar\/web\/2026\/02\/12\/conflicto-de-textil-alal-la-empresa-confirmo-concurso-preventivo-y-sigue-el-reclamo-de-empleados-despedidos\/","title":{"rendered":"Conflicto de Textil Alal: la empresa confirm\u00f3 concurso preventivo y sigue el reclamo de empleados despedidos"},"content":{"rendered":"<p><strong>En el marco del expediente N\u00ba 183-00255\/2026, la Secretar\u00eda de Trabajo y Empleo de la Provincia de Corrientes realiz\u00f3 una audiencia este 11 de febrero en la capital provincial para abordar el conflicto entre la firma Emilio Alal S.A.C.I.F.I. y sus ex trabajadores de Goya. \u00bfC\u00f3mo sigue la situaci\u00f3n de los trabajadores? Los detalles<\/strong><\/p>\n<p>&nbsp;<\/p>\n<p>Durante la reuni\u00f3n, la empresa confirm\u00f3 que decidi\u00f3 presentarse en Concurso Preventivo, argumentando que esa medida permitir\u00e1 reestructurar su deuda, proteger el cr\u00e9dito laboral y avanzar en una propuesta de continuidad comercial.<\/p>\n<p>Asimismo, inform\u00f3 que realizar\u00e1 las bajas correspondientes para que los trabajadores puedan gestionar el Fondo de Desempleo ante ANSES, informaron al periodista local Juan Cruz Vel\u00e1squez.<\/p>\n<p>Sin embargo, desde el sector sindical \u2014con la participaci\u00f3n de AOT y SETIA\u2014 rechazaron la postura empresaria al considerar que no existe una propuesta concreta de pago. Ratificaron el reclamo del 100% de las indemnizaciones por despido y declararon mantenerse en estado de alerta y movilizaci\u00f3n permanente.<\/p>\n<p>En la audiencia tambi\u00e9n se dej\u00f3 constancia de que la representaci\u00f3n legal de los trabajadores propuso cancelar la deuda con bienes de la empresa, iniciativa que fue rechazada por la firma, al sostener que podr\u00eda implicar un vaciamiento.<\/p>\n<p>Por su parte, la Secretar\u00eda de Trabajo intim\u00f3 a la empresa a que en un plazo de 48 horas acredite la documentaci\u00f3n necesaria para que los trabajadores puedan tramitar el fondo de desempleo y otorg\u00f3 cinco d\u00edas h\u00e1biles para la presentaci\u00f3n de una propuesta formal y la acreditaci\u00f3n del inicio del Concurso Preventivo.<\/p>\n<p>El conflicto contin\u00faa abierto y se aguardan definiciones en los pr\u00f3ximos d\u00edas, mientras crece la preocupaci\u00f3n de los ex empleados y sus familias en la ciudad de Goya.<\/p>\n<p>FUENTE: RADIO DOS<\/p>\n","protected":false},"excerpt":{"rendered":"<p>En el marco del expediente N\u00ba 183-00255\/2026, la Secretar\u00eda de Trabajo y Empleo de la Provincia de Corrientes realiz\u00f3 una audiencia este 11 de febrero en la capital provincial para abordar el conflicto entre la firma Emilio Alal S.A.C.I.F.I. y sus ex trabajadores de Goya. \u00bfC\u00f3mo sigue la situaci\u00f3n de los trabajadores? Los detalles &nbsp; [&hellip;]<\/p>\n","protected":false},"author":2,"featured_media":6983,"comment_status":"open","ping_status":"open","sticky":false,"template":"","format":"standard","meta":{"footnotes":""},"categories":[78],"tags":[],"class_list":{"0":"post-6982","1":"post","2":"type-post","3":"status-publish","4":"format-standard","5":"has-post-thumbnail","7":"category-generales"},"_links":{"self":[{"href":"https:\/\/elpueblonoticia.com.ar\/web\/wp-json\/wp\/v2\/posts\/6982","targetHints":{"allow":["GET"]}}],"collection":[{"href":"https:\/\/elpueblonoticia.com.ar\/web\/wp-json\/wp\/v2\/posts"}],"about":[{"href":"https:\/\/elpueblonoticia.com.ar\/web\/wp-json\/wp\/v2\/types\/post"}],"author":[{"embeddable":true,"href":"https:\/\/elpueblonoticia.com.ar\/web\/wp-json\/wp\/v2\/users\/2"}],"replies":[{"embeddable":true,"href":"https:\/\/elpueblonoticia.com.ar\/web\/wp-json\/wp\/v2\/comments?post=6982"}],"version-history":[{"count":1,"href":"https:\/\/elpueblonoticia.com.ar\/web\/wp-json\/wp\/v2\/posts\/6982\/revisions"}],"predecessor-version":[{"id":6984,"href":"https:\/\/elpueblonoticia.com.ar\/web\/wp-json\/wp\/v2\/posts\/6982\/revisions\/6984"}],"wp:featuredmedia":[{"embeddable":true,"href":"https:\/\/elpueblonoticia.com.ar\/web\/wp-json\/wp\/v2\/media\/6983"}],"wp:attachment":[{"href":"https:\/\/elpueblonoticia.com.ar\/web\/wp-json\/wp\/v2\/media?parent=6982"}],"wp:term":[{"taxonomy":"category","embeddable":true,"href":"https:\/\/elpueblonoticia.com.ar\/web\/wp-json\/wp\/v2\/categories?post=6982"},{"taxonomy":"post_tag","embeddable":true,"href":"https:\/\/elpueblonoticia.com.ar\/web\/wp-json\/wp\/v2\/tags?post=6982"}],"curies":[{"name":"wp","href":"https:\/\/api.w.org\/{rel}","templated":true}]}}