{"id":6934,"date":"2026-02-12T08:58:44","date_gmt":"2026-02-12T11:58:44","guid":{"rendered":"https:\/\/elpueblonoticia.com.ar\/web\/?p=6934"},"modified":"2026-02-12T08:58:44","modified_gmt":"2026-02-12T11:58:44","slug":"pullaro-decreto-un-basico-de-1-350-000-para-la-policia-y-busca-cerrar-la-protesta-en-rosario","status":"publish","type":"post","link":"https:\/\/elpueblonoticia.com.ar\/web\/2026\/02\/12\/pullaro-decreto-un-basico-de-1-350-000-para-la-policia-y-busca-cerrar-la-protesta-en-rosario\/","title":{"rendered":"Pullaro decret\u00f3 un b\u00e1sico de $1.350.000 para la Polic\u00eda y busca cerrar la protesta en Rosario"},"content":{"rendered":"<p>Tras casi tres d\u00edas de protesta frente a la Jefatura de Rosario, el gobernador anunci\u00f3 por decreto una recomposici\u00f3n salarial para todos los polic\u00edas, con adicionales por tareas complementarias y funciones operativas, y asegur\u00f3 que el reclamo \u201cfue justo y genuino\u201d.<\/p>\n<p>&nbsp;<\/p>\n<p>&nbsp;<\/p>\n<div class=\"contenido\">\n<div id=\"modalFulltext\">Despu\u00e9s de casi tres d\u00edas de tensi\u00f3n frente a la Jefatura de Polic\u00eda de Rosario, el gobernador Maximiliano Pullaro anunci\u00f3 este mi\u00e9rcoles a la tarde una recomposici\u00f3n salarial para todos los efectivos de la provincia y confirm\u00f3 que firm\u00f3 un decreto con los cambios para formalizar los incrementos que hab\u00edan sido anticipados por el Ministerio de Econom\u00eda y el de Seguridad.<\/p>\n<p>\u201cLa prioridad siempre, particularmente en la ciudad de Rosario, fue garantizar la seguridad p\u00fablica\u201d, afirm\u00f3 el mandatario al encabezar la conferencia en la que oficializ\u00f3 la medida. En ese marco, reconoci\u00f3 la legitimidad del planteo de los uniformados: \u201cFue un reclamo justo y genuino\u201d.<\/p>\n<p>&#8220;Estamos viendo en diferentes redes sociales cosas que no son reales. Para nosotros siempre fue prioridad garantizar la seguridad p\u00fablica&#8221;, comenz\u00f3 declarando el gobernador.<\/p>\n<p>El anuncio lleg\u00f3 luego de que los polic\u00edas que se manifestaban exigieran que la propuesta salarial quedara plasmada por escrito. Si bien los ministros del \u00e1rea econ\u00f3mica y de Seguridad ya hab\u00edan comunicado los aumentos, los efectivos reclamaban el respaldo formal mediante decreto, condici\u00f3n que el gobernador cumpli\u00f3 al cierre de la conferencia.<\/p>\n<p>En este sentido, tras los anuncios, el gobernador asegur\u00f3 que no hay necesidad de continuar con la manifestaci\u00f3n ya que el reclamo &#8220;ha sido saldado&#8221;.<br \/>\n<b><br \/>\nEl detalle de la recomposici\u00f3n salarial<\/b><\/p>\n<div>\nPullaro precis\u00f3 que, con la nueva estructura, \u201ctodos van a percibir $1.350.000 como m\u00ednimo de salario en la polic\u00eda\u201d. Ese monto corresponde al sueldo base, que arrancar\u00e1 en alrededor de $1.350.000.<\/p>\n<p>Adem\u00e1s, el gobernador asegur\u00f3 que la tarjeta alimentaria pasar\u00e1 de $80.000 a $180.000. &#8220;Se pidi\u00f3 aumentar el monto de la tarjeta alimentaria y se atendi\u00f3 ese reclamo&#8221;, enfatiz\u00f3.<\/p>\n<p>En el caso del personal que cumple funciones operativas en Rosario, Santa Fe, Granadero Baigorria, P\u00e9rez, Villa Gobernador G\u00e1lvez o Santo Tom\u00e9, el gobernador indic\u00f3 que percibir\u00e1 $500.000 adicionales. A ello se agregan $250.000 para quienes manejan veh\u00edculos operativos.<\/p>\n<p>La propuesta busca descomprimir el conflicto que se traslad\u00f3 a la puerta de la Jefatura rosarina y que gener\u00f3 preocupaci\u00f3n en un contexto particularmente sensible en materia de seguridad p\u00fablica.<\/p>\n<p>&#8220;Ning\u00fan polic\u00eda de Santa Fe, ning\u00fan hombre o mujer del servicio penitenciario, va a tener un sueldo inferior a un $1.300.000. Incluyendo al personal. Esto es un esfuerzo muy importante que hace el gobierno provincial en funci\u00f3n de la administraci\u00f3n de los recursos&#8221;, sostuvo Pullaro, quien tambi\u00e9n se\u00f1al\u00f3 que el reclamo, al que considera justo y genuino, se da en un contexto econ\u00f3mico dif\u00edcil para el pa\u00eds.<\/p>\n<p>&#8220;Hicimos los esfuerzos para estar por encima de los niveles de inflaci\u00f3n. Pero el personal policial y servicio penitenciario merec\u00edan que el gobierno de la provincia escuche este reclamo genuino y justo&#8221;, apunt\u00f3.<\/p>\n<p><b>Bienestar policial<\/b><\/div>\n<div>\nPullaro abord\u00f3 la problem\u00e1tica del bienestar policial. &#8220;Siempre atendimos lo que tenia que ver con el bienestar policial. Se tomaron las medidas que se solicitaron en un primer petitorio. Se incorpor\u00f3 mayor frecuencia de los colectivos que trasladan a los agentes oficiales y suboficiales que son de ciudades del norte de la provincia y prestan servicio en Rosario&#8221;.<\/p>\n<p>&#8220;Se pidi\u00f3 un gabinete psicol\u00f3gico, que ya se estaba trabajando. Se les dijo que no hay inconveniente en aumentar el personal. Se entendi\u00f3 tambi\u00e9n que si el personal que viajaba y estaba estresado tenia que quedarse a dormir aqu\u00ed, como lo hacen las fuerzas federales, el gobierno provincial les iba a garantizar las noches de hotel que necesiten para descansar correctamente&#8221;.<\/p>\n<p><b>El trasfondo del conflicto<\/b><\/div>\n<div>\nLa protesta policial se extendi\u00f3 durante casi tres d\u00edas y puso en el centro del debate la cuesti\u00f3n salarial de las fuerzas. Desde el Ejecutivo provincial insistieron en que la prioridad fue sostener el funcionamiento del servicio y garantizar la seguridad en Rosario, mientras se trabajaba en una respuesta concreta al reclamo.<\/p>\n<p>Con la firma del decreto, el gobierno espera que se levante la protesta en la ciudad y que la actividad policial retome plena normalidad en toda la provincia.<\/p><\/div>\n<div>\n<p>diario La Capital<\/p><\/div>\n<\/div>\n<div>\n<div id=\"117986-4\"><\/div>\n<div id=\"117986-6\"><\/div>\n<div id=\"117986-3\"><\/div>\n<\/div>\n<\/div>\n<div class=\"modalRedes\"><\/div>\n","protected":false},"excerpt":{"rendered":"<p>Tras casi tres d\u00edas de protesta frente a la Jefatura de Rosario, el gobernador anunci\u00f3 por decreto una recomposici\u00f3n salarial para todos los polic\u00edas, con adicionales por tareas complementarias y funciones operativas, y asegur\u00f3 que el reclamo \u201cfue justo y genuino\u201d. &nbsp; &nbsp; Despu\u00e9s de casi tres d\u00edas de tensi\u00f3n frente a la Jefatura de [&hellip;]<\/p>\n","protected":false},"author":2,"featured_media":6935,"comment_status":"open","ping_status":"open","sticky":false,"template":"","format":"standard","meta":{"footnotes":""},"categories":[64],"tags":[],"class_list":{"0":"post-6934","1":"post","2":"type-post","3":"status-publish","4":"format-standard","5":"has-post-thumbnail","7":"category-nacionales"},"_links":{"self":[{"href":"https:\/\/elpueblonoticia.com.ar\/web\/wp-json\/wp\/v2\/posts\/6934","targetHints":{"allow":["GET"]}}],"collection":[{"href":"https:\/\/elpueblonoticia.com.ar\/web\/wp-json\/wp\/v2\/posts"}],"about":[{"href":"https:\/\/elpueblonoticia.com.ar\/web\/wp-json\/wp\/v2\/types\/post"}],"author":[{"embeddable":true,"href":"https:\/\/elpueblonoticia.com.ar\/web\/wp-json\/wp\/v2\/users\/2"}],"replies":[{"embeddable":true,"href":"https:\/\/elpueblonoticia.com.ar\/web\/wp-json\/wp\/v2\/comments?post=6934"}],"version-history":[{"count":1,"href":"https:\/\/elpueblonoticia.com.ar\/web\/wp-json\/wp\/v2\/posts\/6934\/revisions"}],"predecessor-version":[{"id":6936,"href":"https:\/\/elpueblonoticia.com.ar\/web\/wp-json\/wp\/v2\/posts\/6934\/revisions\/6936"}],"wp:featuredmedia":[{"embeddable":true,"href":"https:\/\/elpueblonoticia.com.ar\/web\/wp-json\/wp\/v2\/media\/6935"}],"wp:attachment":[{"href":"https:\/\/elpueblonoticia.com.ar\/web\/wp-json\/wp\/v2\/media?parent=6934"}],"wp:term":[{"taxonomy":"category","embeddable":true,"href":"https:\/\/elpueblonoticia.com.ar\/web\/wp-json\/wp\/v2\/categories?post=6934"},{"taxonomy":"post_tag","embeddable":true,"href":"https:\/\/elpueblonoticia.com.ar\/web\/wp-json\/wp\/v2\/tags?post=6934"}],"curies":[{"name":"wp","href":"https:\/\/api.w.org\/{rel}","templated":true}]}}