{"id":6929,"date":"2026-02-12T08:33:19","date_gmt":"2026-02-12T11:33:19","guid":{"rendered":"https:\/\/elpueblonoticia.com.ar\/web\/?p=6929"},"modified":"2026-02-12T08:33:19","modified_gmt":"2026-02-12T11:33:19","slug":"valdes-confirmo-que-los-aumentos-salariales-para-estatales-se-anunciaran-en-los-proximos-dias","status":"publish","type":"post","link":"https:\/\/elpueblonoticia.com.ar\/web\/2026\/02\/12\/valdes-confirmo-que-los-aumentos-salariales-para-estatales-se-anunciaran-en-los-proximos-dias\/","title":{"rendered":"Vald\u00e9s confirm\u00f3 que los aumentos salariales para estatales se anunciar\u00e1n en los pr\u00f3ximos d\u00edas"},"content":{"rendered":"<p><strong>El gobernador tambi\u00e9n se refiri\u00f3 al di\u00e1logo con la Naci\u00f3n, al avance del proyecto portuario, a la modernizaci\u00f3n del sistema laboral y a una estrategia integral de desarrollo econ\u00f3mico y social para Corrientes.<\/strong><\/p>\n<p>&nbsp;<\/p>\n<p>El gobernador de Corrientes, Juan Pablo Vald\u00e9s, brind\u00f3 este martes declaraciones en la localidad de Lavalle, donde adelant\u00f3 importantes definiciones en materia salarial, infraestructura, relaciones institucionales y empleo, en el marco de su agenda territorial.<\/p>\n<p>Seg\u00fan public\u00f3 este mi\u00e9rcoles el matutino \u00c9poca, en primer lugar, el mandatario confirm\u00f3 que el Gobierno provincial anunciar\u00e1 en breve nuevos incrementos para los trabajadores del sector p\u00fablico. &#8220;Los aumentos salariales se van a anunciar en breve y van a tener impacto en marzo claramente&#8221;, afirm\u00f3, al tiempo que remarc\u00f3 el compromiso de la gesti\u00f3n con el poder adquisitivo de los empleados.<\/p>\n<p>En ese contexto, Vald\u00e9s tambi\u00e9n valor\u00f3 el v\u00ednculo institucional con el Gobierno nacional y se\u00f1al\u00f3 que las gestiones en marcha tendr\u00e1n definiciones concretas en los pr\u00f3ximos d\u00edas. &#8220;Estamos manteniendo un di\u00e1logo permanente con la Naci\u00f3n y esas gestiones van a tener definiciones la semana venidera&#8221;, expres\u00f3.<\/p>\n<p>Otro de los ejes abordados fue el desarrollo portuario, considerado estrat\u00e9gico para el crecimiento productivo de la provincia. Al respecto, el gobernador adelant\u00f3 que el proyecto se encuentra en una etapa avanzada. &#8220;Respecto del puerto, estamos a punto de cerrar el primer entendimiento y la semana que viene vamos a revisar los saldos y ver otros terrenos&#8221;, explic\u00f3.<\/p>\n<div class=\"google-auto-placed ap_container\"><\/div>\n<p>n materia laboral, Vald\u00e9s hizo hincapi\u00e9 en la necesidad de impulsar cambios que favorezcan la creaci\u00f3n de empleo genuino. &#8220;Se trata de modernizar el sistema laboral. Tenemos que entender que debemos generar m\u00e1s puestos de trabajo y debatir una ley que permita que los argentinos encuentren m\u00e1s oportunidades&#8221;, sostuvo.<\/p>\n<p>Finalmente, el mandatario remarc\u00f3 que estas pol\u00edticas forman parte de una estrategia integral orientada al desarrollo econ\u00f3mico y social de Corrientes, con eje en el di\u00e1logo, la inversi\u00f3n y el fortalecimiento del empleo.<\/p>\n<p>FUENTE: LT7 CORRIENTES<\/p>\n","protected":false},"excerpt":{"rendered":"<p>El gobernador tambi\u00e9n se refiri\u00f3 al di\u00e1logo con la Naci\u00f3n, al avance del proyecto portuario, a la modernizaci\u00f3n del sistema laboral y a una estrategia integral de desarrollo econ\u00f3mico y social para Corrientes. &nbsp; El gobernador de Corrientes, Juan Pablo Vald\u00e9s, brind\u00f3 este martes declaraciones en la localidad de Lavalle, donde adelant\u00f3 importantes definiciones en [&hellip;]<\/p>\n","protected":false},"author":2,"featured_media":6930,"comment_status":"open","ping_status":"open","sticky":false,"template":"","format":"standard","meta":{"footnotes":""},"categories":[65],"tags":[],"class_list":{"0":"post-6929","1":"post","2":"type-post","3":"status-publish","4":"format-standard","5":"has-post-thumbnail","7":"category-economia"},"_links":{"self":[{"href":"https:\/\/elpueblonoticia.com.ar\/web\/wp-json\/wp\/v2\/posts\/6929","targetHints":{"allow":["GET"]}}],"collection":[{"href":"https:\/\/elpueblonoticia.com.ar\/web\/wp-json\/wp\/v2\/posts"}],"about":[{"href":"https:\/\/elpueblonoticia.com.ar\/web\/wp-json\/wp\/v2\/types\/post"}],"author":[{"embeddable":true,"href":"https:\/\/elpueblonoticia.com.ar\/web\/wp-json\/wp\/v2\/users\/2"}],"replies":[{"embeddable":true,"href":"https:\/\/elpueblonoticia.com.ar\/web\/wp-json\/wp\/v2\/comments?post=6929"}],"version-history":[{"count":1,"href":"https:\/\/elpueblonoticia.com.ar\/web\/wp-json\/wp\/v2\/posts\/6929\/revisions"}],"predecessor-version":[{"id":6931,"href":"https:\/\/elpueblonoticia.com.ar\/web\/wp-json\/wp\/v2\/posts\/6929\/revisions\/6931"}],"wp:featuredmedia":[{"embeddable":true,"href":"https:\/\/elpueblonoticia.com.ar\/web\/wp-json\/wp\/v2\/media\/6930"}],"wp:attachment":[{"href":"https:\/\/elpueblonoticia.com.ar\/web\/wp-json\/wp\/v2\/media?parent=6929"}],"wp:term":[{"taxonomy":"category","embeddable":true,"href":"https:\/\/elpueblonoticia.com.ar\/web\/wp-json\/wp\/v2\/categories?post=6929"},{"taxonomy":"post_tag","embeddable":true,"href":"https:\/\/elpueblonoticia.com.ar\/web\/wp-json\/wp\/v2\/tags?post=6929"}],"curies":[{"name":"wp","href":"https:\/\/api.w.org\/{rel}","templated":true}]}}