{"id":6924,"date":"2026-02-12T08:02:00","date_gmt":"2026-02-12T11:02:00","guid":{"rendered":"https:\/\/elpueblonoticia.com.ar\/web\/?p=6924"},"modified":"2026-02-12T08:02:00","modified_gmt":"2026-02-12T11:02:00","slug":"a-los-62-anos-murio-sandra-mendoza-exdiputada-nacional-y-exesposa-de-jorge-capitanich","status":"publish","type":"post","link":"https:\/\/elpueblonoticia.com.ar\/web\/2026\/02\/12\/a-los-62-anos-murio-sandra-mendoza-exdiputada-nacional-y-exesposa-de-jorge-capitanich\/","title":{"rendered":"A LOS 62 A\u00d1OS: Muri\u00f3 Sandra Mendoza, exdiputada nacional y exesposa de Jorge Capitanich"},"content":{"rendered":"<p>Ten\u00eda complicaciones derivadas por la diabetes y estaba internada hace varios d\u00edas en una cl\u00ednica de la Ciudad de Buenos Aires. La noticia fue confirmada por el partido justicialista de Chaco.<\/p>\n<p>&nbsp;<\/p>\n<div>La exdiputada nacional por Chaco Sandra Mendoza muri\u00f3 este mi\u00e9rcoles a sus 62 a\u00f1os en un sanatorio de la Ciudad de Buenos Aires, inform\u00f3 el Partido Justicialista (PJ) provincial, espacio al que pertenec\u00eda la dirigente.<\/div>\n<div>\n<div><\/div>\n<div>&#8220;Con profundo pesar despedimos a la ex diputada nacional por Chaco Sandra Mendoza, quien deja una huella imborrable en la vida pol\u00edtica y social de nuestra provincia&#8221;, se\u00f1al\u00f3 el PJ a trav\u00e9s de un comunicado.<\/div>\n<\/div>\n","protected":false},"excerpt":{"rendered":"<p>Ten\u00eda complicaciones derivadas por la diabetes y estaba internada hace varios d\u00edas en una cl\u00ednica de la Ciudad de Buenos Aires. La noticia fue confirmada por el partido justicialista de Chaco. &nbsp; La exdiputada nacional por Chaco Sandra Mendoza muri\u00f3 este mi\u00e9rcoles a sus 62 a\u00f1os en un sanatorio de la Ciudad de Buenos Aires, [&hellip;]<\/p>\n","protected":false},"author":2,"featured_media":6925,"comment_status":"open","ping_status":"open","sticky":false,"template":"","format":"standard","meta":{"footnotes":""},"categories":[64],"tags":[],"class_list":{"0":"post-6924","1":"post","2":"type-post","3":"status-publish","4":"format-standard","5":"has-post-thumbnail","7":"category-nacionales"},"_links":{"self":[{"href":"https:\/\/elpueblonoticia.com.ar\/web\/wp-json\/wp\/v2\/posts\/6924","targetHints":{"allow":["GET"]}}],"collection":[{"href":"https:\/\/elpueblonoticia.com.ar\/web\/wp-json\/wp\/v2\/posts"}],"about":[{"href":"https:\/\/elpueblonoticia.com.ar\/web\/wp-json\/wp\/v2\/types\/post"}],"author":[{"embeddable":true,"href":"https:\/\/elpueblonoticia.com.ar\/web\/wp-json\/wp\/v2\/users\/2"}],"replies":[{"embeddable":true,"href":"https:\/\/elpueblonoticia.com.ar\/web\/wp-json\/wp\/v2\/comments?post=6924"}],"version-history":[{"count":1,"href":"https:\/\/elpueblonoticia.com.ar\/web\/wp-json\/wp\/v2\/posts\/6924\/revisions"}],"predecessor-version":[{"id":6926,"href":"https:\/\/elpueblonoticia.com.ar\/web\/wp-json\/wp\/v2\/posts\/6924\/revisions\/6926"}],"wp:featuredmedia":[{"embeddable":true,"href":"https:\/\/elpueblonoticia.com.ar\/web\/wp-json\/wp\/v2\/media\/6925"}],"wp:attachment":[{"href":"https:\/\/elpueblonoticia.com.ar\/web\/wp-json\/wp\/v2\/media?parent=6924"}],"wp:term":[{"taxonomy":"category","embeddable":true,"href":"https:\/\/elpueblonoticia.com.ar\/web\/wp-json\/wp\/v2\/categories?post=6924"},{"taxonomy":"post_tag","embeddable":true,"href":"https:\/\/elpueblonoticia.com.ar\/web\/wp-json\/wp\/v2\/tags?post=6924"}],"curies":[{"name":"wp","href":"https:\/\/api.w.org\/{rel}","templated":true}]}}