{"id":6918,"date":"2026-02-11T10:38:16","date_gmt":"2026-02-11T13:38:16","guid":{"rendered":"https:\/\/elpueblonoticia.com.ar\/web\/?p=6918"},"modified":"2026-02-11T10:38:16","modified_gmt":"2026-02-11T13:38:16","slug":"carolina-celebro-su-primera-noche-de-carnaval","status":"publish","type":"post","link":"https:\/\/elpueblonoticia.com.ar\/web\/2026\/02\/11\/carolina-celebro-su-primera-noche-de-carnaval\/","title":{"rendered":"Carolina celebr\u00f3 su primera noche de carnaval"},"content":{"rendered":"<div id=\"modalIntrotext\">\n<div><img decoding=\"async\" src=\"https:\/\/www.powernoticias.com\/images\/202602102002410899\" \/><\/div>\n<div><\/div>\n<div>Con la participaci\u00f3n de comparsas y agrupaciones locales, adem\u00e1s de comparsas invitadas que llegaron de Goya, Lavalle y Bella Vista, Carolina puso en marcha los corsos 2026, que se volver\u00e1n a repetir el s\u00e1bado 14 de febrero, donde se podr\u00e1 disfrutar de esta tradicional fiesta.<\/div>\n<div><\/div>\n<div><\/div>\n<div><\/div>\n<div>El pasado s\u00e1bado 7 de febrero, la Intendente de la localidad, contadora Andrea Alarc\u00f3n dej\u00f3 oficialmente inaugurados los Carnavales de Carolina<\/p>\n<p>Acompa\u00f1ada del Viceintendente Diego Espina, Concejales, Funcionarios Municipales, Presidentes de CaroVera, de \u00d1anderoga y dem\u00e1s autoridades presentes.<\/p>\n<p>En sus palabras, destac\u00f3 la labor de su equipo, del trabajo en conjunto con la comparsa local, las organizaciones civiles y las fuerzas de seguridad, afirmando.<\/p>\n<p>\u201cLos carnavales no los hace uno solo, lo hacemos trabajando entre todos\u201d.<\/p>\n<p>Con un cors\u00f3dromo colmado y la participaci\u00f3n de comparsas locales e invitadas, vivimos una primera noche llena de entusiasmo, alegr\u00eda y color.<\/p><\/div>\n<\/div>\n","protected":false},"excerpt":{"rendered":"<p>Con la participaci\u00f3n de comparsas y agrupaciones locales, adem\u00e1s de comparsas invitadas que llegaron de Goya, Lavalle y Bella Vista, Carolina puso en marcha los corsos 2026, que se volver\u00e1n a repetir el s\u00e1bado 14 de febrero, donde se podr\u00e1 disfrutar de esta tradicional fiesta. El pasado s\u00e1bado 7 de febrero, la Intendente de la [&hellip;]<\/p>\n","protected":false},"author":2,"featured_media":6919,"comment_status":"open","ping_status":"open","sticky":false,"template":"","format":"standard","meta":{"footnotes":""},"categories":[78],"tags":[],"class_list":{"0":"post-6918","1":"post","2":"type-post","3":"status-publish","4":"format-standard","5":"has-post-thumbnail","7":"category-generales"},"_links":{"self":[{"href":"https:\/\/elpueblonoticia.com.ar\/web\/wp-json\/wp\/v2\/posts\/6918","targetHints":{"allow":["GET"]}}],"collection":[{"href":"https:\/\/elpueblonoticia.com.ar\/web\/wp-json\/wp\/v2\/posts"}],"about":[{"href":"https:\/\/elpueblonoticia.com.ar\/web\/wp-json\/wp\/v2\/types\/post"}],"author":[{"embeddable":true,"href":"https:\/\/elpueblonoticia.com.ar\/web\/wp-json\/wp\/v2\/users\/2"}],"replies":[{"embeddable":true,"href":"https:\/\/elpueblonoticia.com.ar\/web\/wp-json\/wp\/v2\/comments?post=6918"}],"version-history":[{"count":1,"href":"https:\/\/elpueblonoticia.com.ar\/web\/wp-json\/wp\/v2\/posts\/6918\/revisions"}],"predecessor-version":[{"id":6920,"href":"https:\/\/elpueblonoticia.com.ar\/web\/wp-json\/wp\/v2\/posts\/6918\/revisions\/6920"}],"wp:featuredmedia":[{"embeddable":true,"href":"https:\/\/elpueblonoticia.com.ar\/web\/wp-json\/wp\/v2\/media\/6919"}],"wp:attachment":[{"href":"https:\/\/elpueblonoticia.com.ar\/web\/wp-json\/wp\/v2\/media?parent=6918"}],"wp:term":[{"taxonomy":"category","embeddable":true,"href":"https:\/\/elpueblonoticia.com.ar\/web\/wp-json\/wp\/v2\/categories?post=6918"},{"taxonomy":"post_tag","embeddable":true,"href":"https:\/\/elpueblonoticia.com.ar\/web\/wp-json\/wp\/v2\/tags?post=6918"}],"curies":[{"name":"wp","href":"https:\/\/api.w.org\/{rel}","templated":true}]}}