{"id":6914,"date":"2026-02-11T10:22:07","date_gmt":"2026-02-11T13:22:07","guid":{"rendered":"https:\/\/elpueblonoticia.com.ar\/web\/?p=6914"},"modified":"2026-02-11T10:22:07","modified_gmt":"2026-02-11T13:22:07","slug":"fenomeno-therian-quienes-son-y-como-viven-las-personas-que-se-identifican-con-animales","status":"publish","type":"post","link":"https:\/\/elpueblonoticia.com.ar\/web\/2026\/02\/11\/fenomeno-therian-quienes-son-y-como-viven-las-personas-que-se-identifican-con-animales\/","title":{"rendered":"Fen\u00f3meno Therian: qui\u00e9nes son y c\u00f3mo viven las personas que se identifican con animales"},"content":{"rendered":"<p><strong>En su mayor\u00eda son j\u00f3venes y adolescentes que se identifican con animales que existen en la naturaleza. No hay censos oficiales pero existen foros donde organizan encuentros y generan comunidad en tiempos de redes sociales.<\/strong><\/p>\n<p>&nbsp;<\/p>\n<p>Los\u00a0<strong><em>Therian\u00a0<\/em><\/strong>son un fen\u00f3meno identitario nacido en redes sociales que despert\u00f3 amores y odios en la sociedad. Lejos de incomodar, se trata de personas que se identifican con\u00a0<strong>animales<\/strong>\u00a0que existen la naturaleza y tratan de combinar\u00a0<strong>espiritualidad, psicolog\u00eda y comunidad.\u00a0<\/strong>Si bien no existen censos oficiales, hay foros donde los j\u00f3venes organizan encuentros y generan lazos, desafiando las categor\u00edas tradicionales de identidad y esquivando los prejuicios virales.<\/p>\n<article class=\"article-body article-body--first-paragraph\">La\u00a0<strong>Teriantropia<\/strong>\u00a0es una\u00a0<strong>vivencia identitaria<\/strong>\u00a0en la que una persona se reconoce internamente<strong>\u00a0vinculada a un animal<\/strong>, ya sea a nivel psicol\u00f3gico, emocional o espiritual. Los Therian\u00a0<strong>no se autoperciben animales<\/strong>, sino que\u00a0<strong>se identifican\u00a0<\/strong>con ellos y aseguran que no se trata de un juego o de una moda pasajera, sino de una forma de percibirse en la naturaleza. Asimismo, aseguran llevar una vida cotidiana humana, bajo las mismas leyes y derechos, y que la diferencia est\u00e1 en su\u00a0<strong>manera de ver el mundo.<\/strong><\/p>\n<\/article>\n<div class=\"free-banner-wrapper mx-auto text-center\"><\/div>\n<article class=\"article-body article-body--first-paragraph\"><strong>Los Therian se comportan como animales.<\/strong>\u00a0Se los suele reconocer por el uso de m\u00e1scaras, colas o caminar en cuatro patas pero esto no implica una regla, sino una elecci\u00f3n personal y no siempre visible. Se definen principalmente desde una dimensi\u00f3n &#8220;espiritual e identitaria&#8221; y\u00a0<strong>creen que su alma es un h\u00edbrido entre humano y animal.\u00a0<\/strong>Se comportan como el animal que los identifica seg\u00fan lo sientan en el momento.<\/p>\n<\/article>\n","protected":false},"excerpt":{"rendered":"<p>En su mayor\u00eda son j\u00f3venes y adolescentes que se identifican con animales que existen en la naturaleza. No hay censos oficiales pero existen foros donde organizan encuentros y generan comunidad en tiempos de redes sociales. &nbsp; Los\u00a0Therian\u00a0son un fen\u00f3meno identitario nacido en redes sociales que despert\u00f3 amores y odios en la sociedad. Lejos de incomodar, [&hellip;]<\/p>\n","protected":false},"author":2,"featured_media":6915,"comment_status":"open","ping_status":"open","sticky":false,"template":"","format":"standard","meta":{"footnotes":""},"categories":[78],"tags":[],"class_list":{"0":"post-6914","1":"post","2":"type-post","3":"status-publish","4":"format-standard","5":"has-post-thumbnail","7":"category-generales"},"_links":{"self":[{"href":"https:\/\/elpueblonoticia.com.ar\/web\/wp-json\/wp\/v2\/posts\/6914","targetHints":{"allow":["GET"]}}],"collection":[{"href":"https:\/\/elpueblonoticia.com.ar\/web\/wp-json\/wp\/v2\/posts"}],"about":[{"href":"https:\/\/elpueblonoticia.com.ar\/web\/wp-json\/wp\/v2\/types\/post"}],"author":[{"embeddable":true,"href":"https:\/\/elpueblonoticia.com.ar\/web\/wp-json\/wp\/v2\/users\/2"}],"replies":[{"embeddable":true,"href":"https:\/\/elpueblonoticia.com.ar\/web\/wp-json\/wp\/v2\/comments?post=6914"}],"version-history":[{"count":1,"href":"https:\/\/elpueblonoticia.com.ar\/web\/wp-json\/wp\/v2\/posts\/6914\/revisions"}],"predecessor-version":[{"id":6916,"href":"https:\/\/elpueblonoticia.com.ar\/web\/wp-json\/wp\/v2\/posts\/6914\/revisions\/6916"}],"wp:featuredmedia":[{"embeddable":true,"href":"https:\/\/elpueblonoticia.com.ar\/web\/wp-json\/wp\/v2\/media\/6915"}],"wp:attachment":[{"href":"https:\/\/elpueblonoticia.com.ar\/web\/wp-json\/wp\/v2\/media?parent=6914"}],"wp:term":[{"taxonomy":"category","embeddable":true,"href":"https:\/\/elpueblonoticia.com.ar\/web\/wp-json\/wp\/v2\/categories?post=6914"},{"taxonomy":"post_tag","embeddable":true,"href":"https:\/\/elpueblonoticia.com.ar\/web\/wp-json\/wp\/v2\/tags?post=6914"}],"curies":[{"name":"wp","href":"https:\/\/api.w.org\/{rel}","templated":true}]}}