{"id":6906,"date":"2026-02-11T09:48:21","date_gmt":"2026-02-11T12:48:21","guid":{"rendered":"https:\/\/elpueblonoticia.com.ar\/web\/?p=6906"},"modified":"2026-02-11T09:48:21","modified_gmt":"2026-02-11T12:48:21","slug":"indec-la-inflacion-de-enero-fue-de-29-por-ciento-y-acumulo-324-en-doce-meses","status":"publish","type":"post","link":"https:\/\/elpueblonoticia.com.ar\/web\/2026\/02\/11\/indec-la-inflacion-de-enero-fue-de-29-por-ciento-y-acumulo-324-en-doce-meses\/","title":{"rendered":"Indec: la inflaci\u00f3n de enero fue de 2,9 por ciento y acumul\u00f3 32,4% en doce meses"},"content":{"rendered":"<div id=\"modalIntrotext\">\n<div>NA &#8211; El costo de vida se conoci\u00f3 en medio de la pol\u00e9mica por la renuncia de Marco Lavagna en el organismo de estad\u00edstica. Fuerte suba de alimentos.<\/div>\n<div><\/div>\n<div><\/div>\n<div><\/div>\n<div><\/div>\n<div>\n<div class=\"contenido\">\n<div id=\"modalFulltext\">Buenos Aires, 10 febrero (NA) \u2013 La inflaci\u00f3n de enero fue de 2,9 por ciento, con una fuerte alza en los precios de los alimentos, seg\u00fan inform\u00f3 el Indec.<\/p>\n<p>El dato se conoci\u00f3 tras la pol\u00e9mica renuncia de Marco Lavagna como titular del organismo.<\/p>\n<p>El IPC registr\u00f3 un alza interanual de 32,4%.<\/p>\n<p>La divisi\u00f3n de mayor aumento en el mes fue Alimentos y bebidas no alcoh\u00f3licas (4,7%), seguida de Restaurantes y hoteles (4,1%).<\/p>\n<p>La divisi\u00f3n con mayor incidencia en la variaci\u00f3n mensual regional fue Alimentos y bebidas no alcoh\u00f3licas, principalmente por las subas en Carnes y derivados y Verduras, tub\u00e9rculos y legumbres.<\/p>\n<p>Las dos divisiones que registraron las menores variaciones en enero de 2026 fueron Educaci\u00f3n (0,6%) y Prendas de vestir y calzado (-0,5%).<\/p>\n<p>A nivel de las categor\u00edas, los precios Estacionales (5,7%) lideraron el incremento, seguidos de IPC n\u00facleo (2,6%) y Regulados (2,4%).<\/p>\n<p>En cuanto a la renuncia de Lavagna, ven\u00eda trabajando en un nuevo \u00edndice desde el tema desde el gobierno de Alberto Fern\u00e1ndez, en 2022, y seg\u00fan explic\u00f3 el exn\u00famero dos de Caputo, Joaqu\u00edn Cottani, la nueva metodolog\u00eda estaba lista desde mediados de 2024.<\/p>\n<p>Sin embargo, el Gobierno nacional decidi\u00f3 no aplicarlo y anunci\u00f3 que dise\u00f1ar\u00e1n uno nuevo.<\/p>\n<p>Se estima que por el tiempo que demorar\u00e1 el dise\u00f1o de la nueva Encuesta de Hogares, la implementaci\u00f3n del flamante IPC se dilatar\u00eda hasta 2030.<\/p>\n<p>#AgenciaNA<\/p><\/div>\n<div>\n<div id=\"117986-4\"><\/div>\n<div id=\"117986-6\"><\/div>\n<div id=\"117986-3\"><\/div>\n<\/div>\n<\/div>\n<div class=\"modalRedes\"><\/div>\n<\/div>\n<\/div>\n","protected":false},"excerpt":{"rendered":"<p>NA &#8211; El costo de vida se conoci\u00f3 en medio de la pol\u00e9mica por la renuncia de Marco Lavagna en el organismo de estad\u00edstica. Fuerte suba de alimentos. Buenos Aires, 10 febrero (NA) \u2013 La inflaci\u00f3n de enero fue de 2,9 por ciento, con una fuerte alza en los precios de los alimentos, seg\u00fan inform\u00f3 [&hellip;]<\/p>\n","protected":false},"author":2,"featured_media":6907,"comment_status":"open","ping_status":"open","sticky":false,"template":"","format":"standard","meta":{"footnotes":""},"categories":[65],"tags":[],"class_list":{"0":"post-6906","1":"post","2":"type-post","3":"status-publish","4":"format-standard","5":"has-post-thumbnail","7":"category-economia"},"_links":{"self":[{"href":"https:\/\/elpueblonoticia.com.ar\/web\/wp-json\/wp\/v2\/posts\/6906","targetHints":{"allow":["GET"]}}],"collection":[{"href":"https:\/\/elpueblonoticia.com.ar\/web\/wp-json\/wp\/v2\/posts"}],"about":[{"href":"https:\/\/elpueblonoticia.com.ar\/web\/wp-json\/wp\/v2\/types\/post"}],"author":[{"embeddable":true,"href":"https:\/\/elpueblonoticia.com.ar\/web\/wp-json\/wp\/v2\/users\/2"}],"replies":[{"embeddable":true,"href":"https:\/\/elpueblonoticia.com.ar\/web\/wp-json\/wp\/v2\/comments?post=6906"}],"version-history":[{"count":1,"href":"https:\/\/elpueblonoticia.com.ar\/web\/wp-json\/wp\/v2\/posts\/6906\/revisions"}],"predecessor-version":[{"id":6908,"href":"https:\/\/elpueblonoticia.com.ar\/web\/wp-json\/wp\/v2\/posts\/6906\/revisions\/6908"}],"wp:featuredmedia":[{"embeddable":true,"href":"https:\/\/elpueblonoticia.com.ar\/web\/wp-json\/wp\/v2\/media\/6907"}],"wp:attachment":[{"href":"https:\/\/elpueblonoticia.com.ar\/web\/wp-json\/wp\/v2\/media?parent=6906"}],"wp:term":[{"taxonomy":"category","embeddable":true,"href":"https:\/\/elpueblonoticia.com.ar\/web\/wp-json\/wp\/v2\/categories?post=6906"},{"taxonomy":"post_tag","embeddable":true,"href":"https:\/\/elpueblonoticia.com.ar\/web\/wp-json\/wp\/v2\/tags?post=6906"}],"curies":[{"name":"wp","href":"https:\/\/api.w.org\/{rel}","templated":true}]}}