{"id":6900,"date":"2026-02-11T09:26:00","date_gmt":"2026-02-11T12:26:00","guid":{"rendered":"https:\/\/elpueblonoticia.com.ar\/web\/?p=6900"},"modified":"2026-02-11T09:26:00","modified_gmt":"2026-02-11T12:26:00","slug":"policia-recupero-motocicleta","status":"publish","type":"post","link":"https:\/\/elpueblonoticia.com.ar\/web\/2026\/02\/11\/policia-recupero-motocicleta\/","title":{"rendered":"POLICIA RECUPERO MOTOCICLETA"},"content":{"rendered":"<p>&nbsp;<\/p>\n<p><img loading=\"lazy\" decoding=\"async\" class=\"alignnone size-medium wp-image-6902\" src=\"https:\/\/elpueblonoticia.com.ar\/web\/wp-content\/uploads\/2026\/02\/moto-recuperada-1-300x226.jpeg\" alt=\"\" width=\"300\" height=\"226\" srcset=\"https:\/\/elpueblonoticia.com.ar\/web\/wp-content\/uploads\/2026\/02\/moto-recuperada-1-300x226.jpeg 300w, https:\/\/elpueblonoticia.com.ar\/web\/wp-content\/uploads\/2026\/02\/moto-recuperada-1-1024x771.jpeg 1024w, https:\/\/elpueblonoticia.com.ar\/web\/wp-content\/uploads\/2026\/02\/moto-recuperada-1-768x578.jpeg 768w, https:\/\/elpueblonoticia.com.ar\/web\/wp-content\/uploads\/2026\/02\/moto-recuperada-1-1536x1156.jpeg 1536w, https:\/\/elpueblonoticia.com.ar\/web\/wp-content\/uploads\/2026\/02\/moto-recuperada-1-558x420.jpeg 558w, https:\/\/elpueblonoticia.com.ar\/web\/wp-content\/uploads\/2026\/02\/moto-recuperada-1-80x60.jpeg 80w, https:\/\/elpueblonoticia.com.ar\/web\/wp-content\/uploads\/2026\/02\/moto-recuperada-1-696x524.jpeg 696w, https:\/\/elpueblonoticia.com.ar\/web\/wp-content\/uploads\/2026\/02\/moto-recuperada-1-1068x804.jpeg 1068w, https:\/\/elpueblonoticia.com.ar\/web\/wp-content\/uploads\/2026\/02\/moto-recuperada-1.jpeg 1600w\" sizes=\"auto, (max-width: 300px) 100vw, 300px\" \/><\/p>\n<p class=\"x_MsoNormal\"><span lang=\"ES\" data-olk-copy-source=\"MessageBody\">En relaci\u00f3n a la sustracci\u00f3n de una motocicleta ocurrida en horas de la madrugada del martes, se llevaron a cabo tareas investigativas que permitieron esclarecer el hecho.<\/span><\/p>\n<p class=\"x_MsoNormal\"><span lang=\"ES\">De acuerdo a la denuncia, la motocicleta hab\u00eda sido dejada estacionada y asegurada en la v\u00eda p\u00fablica, constat\u00e1ndose posteriormente su sustracci\u00f3n.<\/span><\/p>\n<p>&nbsp;<\/p>\n<p class=\"x_MsoNormal\"><span lang=\"ES\">Como resultado de las investigaciones realizadas por personal policial, el rodado fue hallado en buen estado de conservaci\u00f3n.<\/span><\/p>\n<p class=\"x_MsoNormal\"><span lang=\"ES\">\u00a0<\/span><\/p>\n<p class=\"x_MsoNormal\"><span lang=\"ES\">Mientras tanto, se contin\u00faan con las tareas de investigaci\u00f3n para dar con los autores, se sospecha que ante la cercan\u00eda de los investigadores los sospechosos optaron por dejar la moto.<\/span><\/p>\n<p class=\"x_MsoNormal\"><span lang=\"ES\">\u00a0<\/span><\/p>\n<p class=\"x_MsoNormal\"><span lang=\"ES\">La motocicleta fue reconocida por su propietaria y ser\u00e1 restituida bajo las formalidades legales correspondientes.<\/span><\/p>\n<p class=\"x_MsoNormal\"><span lang=\"ES\">\u00a0<\/span><\/p>\n<p class=\"x_MsoNormal\"><span lang=\"ES\">Se destaca el accionar del personal policial, orientado a la recuperaci\u00f3n de veh\u00edculos sustra\u00eddos y a la prevenci\u00f3n del delito.<\/span><\/p>\n<p class=\"x_MsoNormal\"><span lang=\"ES\">\u00a0<\/span><\/p>\n<p class=\"x_MsoNormal\"><span lang=\"ES\">Direcci\u00f3n de Prensa \u2013 Municipalidad de Goya.<\/span><\/p>\n<p class=\"x_MsoNormal\"><span lang=\"ES\">\u00a0<\/span><\/p>\n","protected":false},"excerpt":{"rendered":"<p>&nbsp; En relaci\u00f3n a la sustracci\u00f3n de una motocicleta ocurrida en horas de la madrugada del martes, se llevaron a cabo tareas investigativas que permitieron esclarecer el hecho. De acuerdo a la denuncia, la motocicleta hab\u00eda sido dejada estacionada y asegurada en la v\u00eda p\u00fablica, constat\u00e1ndose posteriormente su sustracci\u00f3n. &nbsp; Como resultado de las investigaciones [&hellip;]<\/p>\n","protected":false},"author":2,"featured_media":6903,"comment_status":"open","ping_status":"open","sticky":false,"template":"","format":"standard","meta":{"footnotes":""},"categories":[68],"tags":[],"class_list":{"0":"post-6900","1":"post","2":"type-post","3":"status-publish","4":"format-standard","5":"has-post-thumbnail","7":"category-policiales-nacionales"},"_links":{"self":[{"href":"https:\/\/elpueblonoticia.com.ar\/web\/wp-json\/wp\/v2\/posts\/6900","targetHints":{"allow":["GET"]}}],"collection":[{"href":"https:\/\/elpueblonoticia.com.ar\/web\/wp-json\/wp\/v2\/posts"}],"about":[{"href":"https:\/\/elpueblonoticia.com.ar\/web\/wp-json\/wp\/v2\/types\/post"}],"author":[{"embeddable":true,"href":"https:\/\/elpueblonoticia.com.ar\/web\/wp-json\/wp\/v2\/users\/2"}],"replies":[{"embeddable":true,"href":"https:\/\/elpueblonoticia.com.ar\/web\/wp-json\/wp\/v2\/comments?post=6900"}],"version-history":[{"count":1,"href":"https:\/\/elpueblonoticia.com.ar\/web\/wp-json\/wp\/v2\/posts\/6900\/revisions"}],"predecessor-version":[{"id":6904,"href":"https:\/\/elpueblonoticia.com.ar\/web\/wp-json\/wp\/v2\/posts\/6900\/revisions\/6904"}],"wp:featuredmedia":[{"embeddable":true,"href":"https:\/\/elpueblonoticia.com.ar\/web\/wp-json\/wp\/v2\/media\/6903"}],"wp:attachment":[{"href":"https:\/\/elpueblonoticia.com.ar\/web\/wp-json\/wp\/v2\/media?parent=6900"}],"wp:term":[{"taxonomy":"category","embeddable":true,"href":"https:\/\/elpueblonoticia.com.ar\/web\/wp-json\/wp\/v2\/categories?post=6900"},{"taxonomy":"post_tag","embeddable":true,"href":"https:\/\/elpueblonoticia.com.ar\/web\/wp-json\/wp\/v2\/tags?post=6900"}],"curies":[{"name":"wp","href":"https:\/\/api.w.org\/{rel}","templated":true}]}}