{"id":6866,"date":"2026-02-10T12:29:49","date_gmt":"2026-02-10T15:29:49","guid":{"rendered":"https:\/\/elpueblonoticia.com.ar\/web\/?p=6866"},"modified":"2026-02-10T12:29:49","modified_gmt":"2026-02-10T15:29:49","slug":"el-padre-miguel-galeano-inicio-su-ministerio-como-vicario-de-la-catedral-de-goya","status":"publish","type":"post","link":"https:\/\/elpueblonoticia.com.ar\/web\/2026\/02\/10\/el-padre-miguel-galeano-inicio-su-ministerio-como-vicario-de-la-catedral-de-goya\/","title":{"rendered":"EL PADRE MIGUEL GALEANO INICI\u00d3 SU MINISTERIO COMO VICARIO DE LA CATEDRAL DE GOYA"},"content":{"rendered":"<p><strong>Durante una misa que presidi\u00f3 el obispo de Goya, monse\u00f1or Adolfo Canec\u00edn, el presb\u00edtero Miguel \u00c1ngel Galeano inici\u00f3 formalmente su misi\u00f3n pastoral como nuevo vicario de la Iglesia Catedral &#8220;Nuestra Se\u00f1ora del Rosario&#8221;. El rito de inicio de su servicio tuvo lugar el s\u00e1bado en la capilla San Ram\u00f3n.<\/strong><\/p>\n<p>&nbsp;<\/p>\n<p>La misa cont\u00f3 con la participaci\u00f3n del p\u00e1rroco de la sede parroquial, padre Ariel Gim\u00e9nez, y los presb\u00edteros Pedro Pablo Ojeda y Pablo Esteban Stortti, junto al di\u00e1cono transitorio Josu\u00e9 Ca\u00f1ete.<\/p>\n<p>Durante la homil\u00eda, monse\u00f1or Canec\u00edn reflexiona sobre el pasaje de Mateo 20, instando a vivir el ministerio desde la entrega: &#8220;El que quiera ser el primero, que se haga esclavo de todos, como Jes\u00fas que no vino a ser servido, sino a servir&#8221;.<\/p>\n<p>El obispo subray\u00f3 que el verdadero conocimiento de la fe nace de la experiencia vivida: &#8220;Si no vivo es porque todav\u00eda no lo conozco y no creo en serio&#8221;, remarc\u00f3.<\/p>\n<p>El padre Miguel Galeano, oriundo de Esquina y ordenado sacerdote en 1994, por monse\u00f1or Joaqu\u00edn Pi\u00f1a, regresa a la ciudad de Goya tras su paso por su ciudad natal.\u00a0Las comunidades destacaron su perfil humilde, prudente y su cercan\u00eda con los sectores m\u00e1s vulnerables.<\/p>\n<p>El obispo encomend\u00f3 al nuevo vicario bajo la protecci\u00f3n de la Virgen de Itat\u00ed, pidiendo su intercesi\u00f3n y cuidado maternal.-<\/p>\n","protected":false},"excerpt":{"rendered":"<p>Durante una misa que presidi\u00f3 el obispo de Goya, monse\u00f1or Adolfo Canec\u00edn, el presb\u00edtero Miguel \u00c1ngel Galeano inici\u00f3 formalmente su misi\u00f3n pastoral como nuevo vicario de la Iglesia Catedral &#8220;Nuestra Se\u00f1ora del Rosario&#8221;. El rito de inicio de su servicio tuvo lugar el s\u00e1bado en la capilla San Ram\u00f3n. &nbsp; La misa cont\u00f3 con la [&hellip;]<\/p>\n","protected":false},"author":2,"featured_media":6867,"comment_status":"open","ping_status":"open","sticky":false,"template":"","format":"standard","meta":{"footnotes":""},"categories":[56],"tags":[],"class_list":{"0":"post-6866","1":"post","2":"type-post","3":"status-publish","4":"format-standard","5":"has-post-thumbnail","7":"category-locales"},"_links":{"self":[{"href":"https:\/\/elpueblonoticia.com.ar\/web\/wp-json\/wp\/v2\/posts\/6866","targetHints":{"allow":["GET"]}}],"collection":[{"href":"https:\/\/elpueblonoticia.com.ar\/web\/wp-json\/wp\/v2\/posts"}],"about":[{"href":"https:\/\/elpueblonoticia.com.ar\/web\/wp-json\/wp\/v2\/types\/post"}],"author":[{"embeddable":true,"href":"https:\/\/elpueblonoticia.com.ar\/web\/wp-json\/wp\/v2\/users\/2"}],"replies":[{"embeddable":true,"href":"https:\/\/elpueblonoticia.com.ar\/web\/wp-json\/wp\/v2\/comments?post=6866"}],"version-history":[{"count":1,"href":"https:\/\/elpueblonoticia.com.ar\/web\/wp-json\/wp\/v2\/posts\/6866\/revisions"}],"predecessor-version":[{"id":6868,"href":"https:\/\/elpueblonoticia.com.ar\/web\/wp-json\/wp\/v2\/posts\/6866\/revisions\/6868"}],"wp:featuredmedia":[{"embeddable":true,"href":"https:\/\/elpueblonoticia.com.ar\/web\/wp-json\/wp\/v2\/media\/6867"}],"wp:attachment":[{"href":"https:\/\/elpueblonoticia.com.ar\/web\/wp-json\/wp\/v2\/media?parent=6866"}],"wp:term":[{"taxonomy":"category","embeddable":true,"href":"https:\/\/elpueblonoticia.com.ar\/web\/wp-json\/wp\/v2\/categories?post=6866"},{"taxonomy":"post_tag","embeddable":true,"href":"https:\/\/elpueblonoticia.com.ar\/web\/wp-json\/wp\/v2\/tags?post=6866"}],"curies":[{"name":"wp","href":"https:\/\/api.w.org\/{rel}","templated":true}]}}