{"id":6854,"date":"2026-02-10T10:58:02","date_gmt":"2026-02-10T13:58:02","guid":{"rendered":"https:\/\/elpueblonoticia.com.ar\/web\/?p=6854"},"modified":"2026-02-10T10:58:02","modified_gmt":"2026-02-10T13:58:02","slug":"saenz-denuncio-que-el-kirchnerismo-amenaza-a-senadores-si-votan-la-reforma-laboral","status":"publish","type":"post","link":"https:\/\/elpueblonoticia.com.ar\/web\/2026\/02\/10\/saenz-denuncio-que-el-kirchnerismo-amenaza-a-senadores-si-votan-la-reforma-laboral\/","title":{"rendered":"Sa\u00e9nz denunci\u00f3 que el kirchnerismo amenaza a senadores si votan la reforma laboral"},"content":{"rendered":"<div id=\"modalIntrotext\">\n<div>NA &#8211; El gobernador de Salta sostuvo que podr\u00edan intervenirles el PJ en sus provincias, como ocurri\u00f3 en Salta, Misiones y Jujuy.<\/div>\n<div><\/div>\n<div><\/div>\n<div><\/div>\n<div>\u00a0Buenos Aires, 9 febrero (NA) \u2013 El gobernador de Salta, Gustavo S\u00e1enz, denunci\u00f3 este domingo amenazas a legisladores peronistas que voten a favor de la reforma laboral y sostuvo que podr\u00edan intervenirles el PJ en sus provincias, como ocurri\u00f3 en Salta, Misiones y Jujuy.<\/div>\n<div>\n<div class=\"contenido\">\n<div id=\"modalFulltext\">\nEn una entrevista televisiva, S\u00e1enz afirm\u00f3: \u201cHay gobernadores, senadores y diputados que han sido hasta amenazados, dici\u00e9ndoles que les iban a intervenir el Partido Justicialista en sus distritos, de acuerdo a c\u00f3mo votaban ese d\u00eda los legisladores, sabiendo que el PJ es la \u00fanica herramienta electoral que tienen en sus provincias\u201d.<\/p>\n<p>Seg\u00fan pudo saber la Agencia Noticias Argentinas, las declaraciones del mandatario se enmarcan en su enfrentamiento con la conducci\u00f3n nacional del Partido Justicialista, encabezada por Cristina Kirchner, que recrudeci\u00f3 a fines de diciembre con la sanci\u00f3n a la senadora juje\u00f1a Carolina Mois\u00e9s por apoyar el Presupuesto 2026.<\/p>\n<p>Mois\u00e9s, junto a Guillermo Andrada (Catamarca), Sandra Mendoza (La Rioja), Jes\u00fas Rejal (La Rioja) y Fernando Salino (San Luis), integra el bloque Convicci\u00f3n Federal, que a su vez forma parte del interbloque justicialista presidido por el formose\u00f1o Jos\u00e9 Mayans, vicepresidente del PJ nacional.<\/p>\n<p>\u201cLas ret\u00f3ricas intransigentes no defienden al trabajador, defienden los privilegios de los que est\u00e1n en la pol\u00edtica y de los representantes de los trabajadores. Pero yo represento a todos los salte\u00f1os\u201d, expres\u00f3 S\u00e1enz. Y agreg\u00f3: \u201cAmenazan con la intervenci\u00f3n si no votan en contra de la reforma laboral. Les quitan la herramienta electoral que tienen\u201d.<\/p>\n<p>Tambi\u00e9n remarc\u00f3: \u201cEs muy dif\u00edcil trabajar as\u00ed. Cuando tienen que votar los aprietan, los amenazan. \u00bfQueremos seguir con esta ley laboral? No funciona, no genera trabajo, hay cada vez mayor empleo precarizado\u201d.<\/p>\n<p>S\u00e1enz aprovech\u00f3 la entrevista para reclamar definiciones al Gobierno nacional respecto al cap\u00edtulo fiscal del proyecto de reforma laboral, cuestionado por los mandatarios provinciales. \u201cNosotros queremos que nos escuchen. La culpa de que la macroeconom\u00eda est\u00e9 bien, pero la microeconom\u00eda no est\u00e1 funcionando no es de los gobernadores, la ca\u00edda del consumo es real\u201d, dijo.<\/p>\n<p>El mandatario se\u00f1al\u00f3 que desde el viernes las provincias esperan una respuesta de la Casa Rosada sobre el esquema fiscal de la iniciativa, en particular la eliminaci\u00f3n del impuesto a las Ganancias para grandes sociedades, que afecta la coparticipaci\u00f3n. \u201cNosotros no aceptamos el cap\u00edtulo de Ganancias, ha bajado la recaudaci\u00f3n, ha ca\u00eddo la coparticipaci\u00f3n, y nosotros estamos ofreciendo alternativas\u201d, concluy\u00f3. #AgenciaNA<\/p><\/div>\n<div>\n<div id=\"117986-4\"><\/div>\n<div id=\"117986-6\"><\/div>\n<div id=\"117986-3\"><\/div>\n<\/div>\n<\/div>\n<div class=\"modalRedes\"><\/div>\n<\/div>\n<\/div>\n","protected":false},"excerpt":{"rendered":"<p>NA &#8211; El gobernador de Salta sostuvo que podr\u00edan intervenirles el PJ en sus provincias, como ocurri\u00f3 en Salta, Misiones y Jujuy. \u00a0Buenos Aires, 9 febrero (NA) \u2013 El gobernador de Salta, Gustavo S\u00e1enz, denunci\u00f3 este domingo amenazas a legisladores peronistas que voten a favor de la reforma laboral y sostuvo que podr\u00edan intervenirles el [&hellip;]<\/p>\n","protected":false},"author":2,"featured_media":6855,"comment_status":"open","ping_status":"open","sticky":false,"template":"","format":"standard","meta":{"footnotes":""},"categories":[64],"tags":[],"class_list":{"0":"post-6854","1":"post","2":"type-post","3":"status-publish","4":"format-standard","5":"has-post-thumbnail","7":"category-nacionales"},"_links":{"self":[{"href":"https:\/\/elpueblonoticia.com.ar\/web\/wp-json\/wp\/v2\/posts\/6854","targetHints":{"allow":["GET"]}}],"collection":[{"href":"https:\/\/elpueblonoticia.com.ar\/web\/wp-json\/wp\/v2\/posts"}],"about":[{"href":"https:\/\/elpueblonoticia.com.ar\/web\/wp-json\/wp\/v2\/types\/post"}],"author":[{"embeddable":true,"href":"https:\/\/elpueblonoticia.com.ar\/web\/wp-json\/wp\/v2\/users\/2"}],"replies":[{"embeddable":true,"href":"https:\/\/elpueblonoticia.com.ar\/web\/wp-json\/wp\/v2\/comments?post=6854"}],"version-history":[{"count":1,"href":"https:\/\/elpueblonoticia.com.ar\/web\/wp-json\/wp\/v2\/posts\/6854\/revisions"}],"predecessor-version":[{"id":6856,"href":"https:\/\/elpueblonoticia.com.ar\/web\/wp-json\/wp\/v2\/posts\/6854\/revisions\/6856"}],"wp:featuredmedia":[{"embeddable":true,"href":"https:\/\/elpueblonoticia.com.ar\/web\/wp-json\/wp\/v2\/media\/6855"}],"wp:attachment":[{"href":"https:\/\/elpueblonoticia.com.ar\/web\/wp-json\/wp\/v2\/media?parent=6854"}],"wp:term":[{"taxonomy":"category","embeddable":true,"href":"https:\/\/elpueblonoticia.com.ar\/web\/wp-json\/wp\/v2\/categories?post=6854"},{"taxonomy":"post_tag","embeddable":true,"href":"https:\/\/elpueblonoticia.com.ar\/web\/wp-json\/wp\/v2\/tags?post=6854"}],"curies":[{"name":"wp","href":"https:\/\/api.w.org\/{rel}","templated":true}]}}