{"id":6850,"date":"2026-02-10T10:43:31","date_gmt":"2026-02-10T13:43:31","guid":{"rendered":"https:\/\/elpueblonoticia.com.ar\/web\/?p=6850"},"modified":"2026-02-10T10:43:31","modified_gmt":"2026-02-10T13:43:31","slug":"bullrich-y-la-condena-al-clan-sena-quedan-presos-de-por-vida-donde-tienen-que-estar","status":"publish","type":"post","link":"https:\/\/elpueblonoticia.com.ar\/web\/2026\/02\/10\/bullrich-y-la-condena-al-clan-sena-quedan-presos-de-por-vida-donde-tienen-que-estar\/","title":{"rendered":"Bullrich y la condena al Clan Sena: &#8220;Quedan presos de por vida, donde tienen que estar&#8221;"},"content":{"rendered":"<div>\n<p>La ex ministra de Seguridad dijo adem\u00e1s que la noticia &#8220;trae justicia para Cecilia y su familia&#8221;.<\/p>\n<\/div>\n<div class=\"meta\">\n<p>La jefa del Bloque de senadores de La Libertad Avanza, Patricia Bullrich, asegur\u00f3 hoy que se hizo &#8220;justicia&#8221; para Cecilia Strzyzowski tras conocerse la condena a cadena perpetua para C\u00e9sar y Emerenciano Sena y para Marcela Acu\u00f1a, a la vez que dijo que estar\u00e1n &#8220;presos&#8221; que es &#8220;donde deben estar&#8221;.<\/p>\n<p>&#8220;Una noticia que trae justicia para Cecilia y su familia&#8221;, indic\u00f3 la funcionaria a trav\u00e9s de un mensaje en la red social X al que accedi\u00f3 la Agencia Noticias Argentinas.<\/p>\n<p>Asimismo, a\u00f1adi\u00f3: &#8220;La asesinaron en un crimen estremecedor y durante demasiado tiempo su homicidio estuvo rodeado de protecci\u00f3n pol\u00edtica y silencio c\u00f3mplice&#8221;.<\/p>\n<p>&#8220;Hoy quedan presos de por vida. Donde tienen que estar&#8221;, culmin\u00f3 Bullrich.<\/p>\n<div class=\"content-tags floatFix\"><label><i class=\"fas fa-hashtag\">\u00a0<\/i><\/label><\/div>\n<\/div>\n","protected":false},"excerpt":{"rendered":"<p>La ex ministra de Seguridad dijo adem\u00e1s que la noticia &#8220;trae justicia para Cecilia y su familia&#8221;. La jefa del Bloque de senadores de La Libertad Avanza, Patricia Bullrich, asegur\u00f3 hoy que se hizo &#8220;justicia&#8221; para Cecilia Strzyzowski tras conocerse la condena a cadena perpetua para C\u00e9sar y Emerenciano Sena y para Marcela Acu\u00f1a, a [&hellip;]<\/p>\n","protected":false},"author":2,"featured_media":6851,"comment_status":"open","ping_status":"open","sticky":false,"template":"","format":"standard","meta":{"footnotes":""},"categories":[66],"tags":[],"class_list":{"0":"post-6850","1":"post","2":"type-post","3":"status-publish","4":"format-standard","5":"has-post-thumbnail","7":"category-politica-nacionales"},"_links":{"self":[{"href":"https:\/\/elpueblonoticia.com.ar\/web\/wp-json\/wp\/v2\/posts\/6850","targetHints":{"allow":["GET"]}}],"collection":[{"href":"https:\/\/elpueblonoticia.com.ar\/web\/wp-json\/wp\/v2\/posts"}],"about":[{"href":"https:\/\/elpueblonoticia.com.ar\/web\/wp-json\/wp\/v2\/types\/post"}],"author":[{"embeddable":true,"href":"https:\/\/elpueblonoticia.com.ar\/web\/wp-json\/wp\/v2\/users\/2"}],"replies":[{"embeddable":true,"href":"https:\/\/elpueblonoticia.com.ar\/web\/wp-json\/wp\/v2\/comments?post=6850"}],"version-history":[{"count":1,"href":"https:\/\/elpueblonoticia.com.ar\/web\/wp-json\/wp\/v2\/posts\/6850\/revisions"}],"predecessor-version":[{"id":6852,"href":"https:\/\/elpueblonoticia.com.ar\/web\/wp-json\/wp\/v2\/posts\/6850\/revisions\/6852"}],"wp:featuredmedia":[{"embeddable":true,"href":"https:\/\/elpueblonoticia.com.ar\/web\/wp-json\/wp\/v2\/media\/6851"}],"wp:attachment":[{"href":"https:\/\/elpueblonoticia.com.ar\/web\/wp-json\/wp\/v2\/media?parent=6850"}],"wp:term":[{"taxonomy":"category","embeddable":true,"href":"https:\/\/elpueblonoticia.com.ar\/web\/wp-json\/wp\/v2\/categories?post=6850"},{"taxonomy":"post_tag","embeddable":true,"href":"https:\/\/elpueblonoticia.com.ar\/web\/wp-json\/wp\/v2\/tags?post=6850"}],"curies":[{"name":"wp","href":"https:\/\/api.w.org\/{rel}","templated":true}]}}