{"id":6846,"date":"2026-02-10T10:32:24","date_gmt":"2026-02-10T13:32:24","guid":{"rendered":"https:\/\/elpueblonoticia.com.ar\/web\/?p=6846"},"modified":"2026-02-10T10:32:24","modified_gmt":"2026-02-10T13:32:24","slug":"valdes-recibio-a-representantes-de-fecorr-para-analizar-la-situacion-del-comercio-y-la-industria","status":"publish","type":"post","link":"https:\/\/elpueblonoticia.com.ar\/web\/2026\/02\/10\/valdes-recibio-a-representantes-de-fecorr-para-analizar-la-situacion-del-comercio-y-la-industria\/","title":{"rendered":"VALD\u00c9S RECIBI\u00d3 A REPRESENTANTES DE FECORR PARA ANALIZAR LA SITUACI\u00d3N DEL COMERCIO Y LA INDUSTRIA"},"content":{"rendered":"<div>\n<p><strong>En el marco de una agenda orientada al fortalecimiento\u00a0econ\u00f3mico local, el gobernador Juan Pablo Vald\u00e9s recibi\u00f3 este lunes a representantes de la Federaci\u00f3n Empresarial de Corrientes (FECORR) con el objetivo de analizar la situaci\u00f3n del comercio y la industria en la provincia.<\/strong><\/p>\n<p>Durante el encuentro, se abordaron los principales desaf\u00edos que atraviesan los sectores productivos y se intercambiaron propuestas para dinamizar la actividad econ\u00f3mica.<\/p>\n<p>El mandatario provincial destac\u00f3 la importancia de sostener espacios de di\u00e1logo para \u201canalizar la situaci\u00f3n actual del comercio y la industria\u201d con el sector privado, al considerar que \u201clas instancias de di\u00e1logos\u201d con los empresarios \u201cson claves para promover las inversiones y empleo\u201d, consolidando el crecimiento de las econom\u00edas regionales.<\/p>\n<p>En la oportunidad, el mandatario fue acompa\u00f1ado de los ministros: secretario general de la Gobernaci\u00f3n, Juan Pablo Fornaroli;\u00a0de Industria, Trabajo y Comercio, Mariel Gabur; de Coordinaci\u00f3n y Planificaci\u00f3n, Carlos Vignolo.<\/p>\n<p>La reuni\u00f3n se inscribe en una serie de encuentros que el Gobierno provincial viene impulsando con distintos actores del \u00e1mbito productivo, con el prop\u00f3sito de consolidar una agenda com\u00fan que contribuya al desarrollo sostenido y al bienestar de los correntinos. La importancia de trabajar de manera articulada entre el Estado y las entidades empresariales, radica en potenciar oportunidades y fortalecer la competitividad en todo el territorio correntino.<\/p>\n<\/div>\n<div class=\"s2s_supra_contenedor lang_directon_right s2sdefault  align_left  s2s_balloon_bottom \">\n<div class=\"s2s_contenedor  s2s_no_text  s2s-btn-group\">\n<div class=\"s2s_twitter s2s_btn s2s-btn-xs \">\n<div class=\"globo s2s_globo_closed s2s_twitter_iframe\"><\/div>\n<\/div>\n<div class=\"s2s_facebook s2s_btn s2s-btn-xs \">\n<div class=\"globo s2s_globo_closed s2s_facebook_iframe\"><\/div>\n<\/div>\n<div class=\"s2s_wapp s2s_btn s2s-btn-xs  \">\n<div class=\"globo s2s_globo_closed s2s_wapp_iframe\"><\/div>\n<\/div>\n<\/div>\n<div class=\"s2s_credits_wrapper\"><\/div>\n<\/div>\n","protected":false},"excerpt":{"rendered":"<p>En el marco de una agenda orientada al fortalecimiento\u00a0econ\u00f3mico local, el gobernador Juan Pablo Vald\u00e9s recibi\u00f3 este lunes a representantes de la Federaci\u00f3n Empresarial de Corrientes (FECORR) con el objetivo de analizar la situaci\u00f3n del comercio y la industria en la provincia. Durante el encuentro, se abordaron los principales desaf\u00edos que atraviesan los sectores productivos [&hellip;]<\/p>\n","protected":false},"author":2,"featured_media":6847,"comment_status":"open","ping_status":"open","sticky":false,"template":"","format":"standard","meta":{"footnotes":""},"categories":[66],"tags":[],"class_list":{"0":"post-6846","1":"post","2":"type-post","3":"status-publish","4":"format-standard","5":"has-post-thumbnail","7":"category-politica-nacionales"},"_links":{"self":[{"href":"https:\/\/elpueblonoticia.com.ar\/web\/wp-json\/wp\/v2\/posts\/6846","targetHints":{"allow":["GET"]}}],"collection":[{"href":"https:\/\/elpueblonoticia.com.ar\/web\/wp-json\/wp\/v2\/posts"}],"about":[{"href":"https:\/\/elpueblonoticia.com.ar\/web\/wp-json\/wp\/v2\/types\/post"}],"author":[{"embeddable":true,"href":"https:\/\/elpueblonoticia.com.ar\/web\/wp-json\/wp\/v2\/users\/2"}],"replies":[{"embeddable":true,"href":"https:\/\/elpueblonoticia.com.ar\/web\/wp-json\/wp\/v2\/comments?post=6846"}],"version-history":[{"count":1,"href":"https:\/\/elpueblonoticia.com.ar\/web\/wp-json\/wp\/v2\/posts\/6846\/revisions"}],"predecessor-version":[{"id":6848,"href":"https:\/\/elpueblonoticia.com.ar\/web\/wp-json\/wp\/v2\/posts\/6846\/revisions\/6848"}],"wp:featuredmedia":[{"embeddable":true,"href":"https:\/\/elpueblonoticia.com.ar\/web\/wp-json\/wp\/v2\/media\/6847"}],"wp:attachment":[{"href":"https:\/\/elpueblonoticia.com.ar\/web\/wp-json\/wp\/v2\/media?parent=6846"}],"wp:term":[{"taxonomy":"category","embeddable":true,"href":"https:\/\/elpueblonoticia.com.ar\/web\/wp-json\/wp\/v2\/categories?post=6846"},{"taxonomy":"post_tag","embeddable":true,"href":"https:\/\/elpueblonoticia.com.ar\/web\/wp-json\/wp\/v2\/tags?post=6846"}],"curies":[{"name":"wp","href":"https:\/\/api.w.org\/{rel}","templated":true}]}}