{"id":6838,"date":"2026-02-10T09:58:52","date_gmt":"2026-02-10T12:58:52","guid":{"rendered":"https:\/\/elpueblonoticia.com.ar\/web\/?p=6838"},"modified":"2026-02-10T09:58:52","modified_gmt":"2026-02-10T12:58:52","slug":"la-coparticipacion-a-corrientes-supera-los-15-000-millones-en-el-inicio-de-febrero","status":"publish","type":"post","link":"https:\/\/elpueblonoticia.com.ar\/web\/2026\/02\/10\/la-coparticipacion-a-corrientes-supera-los-15-000-millones-en-el-inicio-de-febrero\/","title":{"rendered":"La coparticipaci\u00f3n a Corrientes supera los $15.000 millones en el inicio de febrero"},"content":{"rendered":"<p><strong>En un inicio de mes marcado por la expectativa salarial y una amenaza de paro por parte de docentes correntinos, de no iniciar las clases si no hay mejoras de haberes, las arcas locales sumaron en los primeros d\u00edas h\u00e1biles de febrero:\u00a0$15.075,6 millones.<\/strong><\/p>\n<p>&nbsp;<\/p>\n<p>Un mes clave en la cuesti\u00f3n salarial es el presente en Corrientes, debido al inicio de clases y a las advertencias de dos sindicatos docentes, si no hay mejora de sueldos no empezar\u00e1n las clases previstas para el 2 de marzo venidero.<\/p>\n<p>En los primeros 6 d\u00edas h\u00e1biles de febrero las arcas de la provincia sumaron:\u00a0<strong>$15.075,6 millones.\u00a0<\/strong>El \u00faltimo aumento de haberes a la administraci\u00f3n p\u00fablica fue en agosto de 2025 y del 12%.<\/p>\n<p>Tambi\u00e9n este mes se debe terminar de pagar el bono navide\u00f1o de diciembre pasado: $200.000 mientras que seg\u00fan revel\u00f3 el sindicato de empleados judiciales, el Poder Judicial de Corrientes tiene planificado una mejora salarial del 15% para sus agentes y funcionarios.<\/p>\n","protected":false},"excerpt":{"rendered":"<p>En un inicio de mes marcado por la expectativa salarial y una amenaza de paro por parte de docentes correntinos, de no iniciar las clases si no hay mejoras de haberes, las arcas locales sumaron en los primeros d\u00edas h\u00e1biles de febrero:\u00a0$15.075,6 millones. &nbsp; Un mes clave en la cuesti\u00f3n salarial es el presente en [&hellip;]<\/p>\n","protected":false},"author":2,"featured_media":6839,"comment_status":"open","ping_status":"open","sticky":false,"template":"","format":"standard","meta":{"footnotes":""},"categories":[65],"tags":[],"class_list":{"0":"post-6838","1":"post","2":"type-post","3":"status-publish","4":"format-standard","5":"has-post-thumbnail","7":"category-economia"},"_links":{"self":[{"href":"https:\/\/elpueblonoticia.com.ar\/web\/wp-json\/wp\/v2\/posts\/6838","targetHints":{"allow":["GET"]}}],"collection":[{"href":"https:\/\/elpueblonoticia.com.ar\/web\/wp-json\/wp\/v2\/posts"}],"about":[{"href":"https:\/\/elpueblonoticia.com.ar\/web\/wp-json\/wp\/v2\/types\/post"}],"author":[{"embeddable":true,"href":"https:\/\/elpueblonoticia.com.ar\/web\/wp-json\/wp\/v2\/users\/2"}],"replies":[{"embeddable":true,"href":"https:\/\/elpueblonoticia.com.ar\/web\/wp-json\/wp\/v2\/comments?post=6838"}],"version-history":[{"count":1,"href":"https:\/\/elpueblonoticia.com.ar\/web\/wp-json\/wp\/v2\/posts\/6838\/revisions"}],"predecessor-version":[{"id":6840,"href":"https:\/\/elpueblonoticia.com.ar\/web\/wp-json\/wp\/v2\/posts\/6838\/revisions\/6840"}],"wp:featuredmedia":[{"embeddable":true,"href":"https:\/\/elpueblonoticia.com.ar\/web\/wp-json\/wp\/v2\/media\/6839"}],"wp:attachment":[{"href":"https:\/\/elpueblonoticia.com.ar\/web\/wp-json\/wp\/v2\/media?parent=6838"}],"wp:term":[{"taxonomy":"category","embeddable":true,"href":"https:\/\/elpueblonoticia.com.ar\/web\/wp-json\/wp\/v2\/categories?post=6838"},{"taxonomy":"post_tag","embeddable":true,"href":"https:\/\/elpueblonoticia.com.ar\/web\/wp-json\/wp\/v2\/tags?post=6838"}],"curies":[{"name":"wp","href":"https:\/\/api.w.org\/{rel}","templated":true}]}}