{"id":6834,"date":"2026-02-10T09:48:35","date_gmt":"2026-02-10T12:48:35","guid":{"rendered":"https:\/\/elpueblonoticia.com.ar\/web\/?p=6834"},"modified":"2026-02-10T09:48:35","modified_gmt":"2026-02-10T12:48:35","slug":"reconocimiento-a-isabel-vernengo-y-una-noche-emotiva-en-la-4a-luna-carnavalera","status":"publish","type":"post","link":"https:\/\/elpueblonoticia.com.ar\/web\/2026\/02\/10\/reconocimiento-a-isabel-vernengo-y-una-noche-emotiva-en-la-4a-luna-carnavalera\/","title":{"rendered":"Reconocimiento a Isabel Vernengo y una noche emotiva en la 4\u00aa luna Carnavalera"},"content":{"rendered":"<div id=\"modalIntrotext\">\n<div>La \u00faltima noche de premiaci\u00f3n de la 4\u00aa Luna Carnavalera de Goya, vivida el pasado s\u00e1bado, fue mucho m\u00e1s que el cierre de una edici\u00f3n: fue una verdadera celebraci\u00f3n de la historia, el esfuerzo colectivo y la emoci\u00f3n compartida. La edici\u00f3n 2026 de los carnavales goyanos regal\u00f3 instantes inolvidables, cargados de alegr\u00eda, aplausos y reconocimientos a quienes dejaron huella en esta fiesta popular que late en el coraz\u00f3n de la ciudad.<\/div>\n<div><\/div>\n<div><\/div>\n<div>Uno de los momentos m\u00e1s conmovedores de la noche se produjo cuando Isabel Ang\u00e9lica Vernengo recibi\u00f3 una plaqueta de manos del intendente municipal, doctor Mariano Hormaechea, en reconocimiento a su trabajo, dedicaci\u00f3n y compromiso durante m\u00e1s de tres d\u00e9cadas con los carnavales de Goya. El gesto desat\u00f3 un reconocimiento sincero y sentido, reflejo del cari\u00f1o y el respeto de toda una comunidad.<\/p>\n<p>Luego del homenaje y a\u00fan atravesada por emociones encontradas, Isabel Vernengo pas\u00f3 por el set de la transmisi\u00f3n oficial de los Carnavales Goyanos 2026, donde comparti\u00f3 sus sensaciones y revivi\u00f3 pasajes de una historia personal profundamente ligada al crecimiento sostenido de la fiesta.<\/p>\n<p>Con la voz cargada de emoci\u00f3n, Vernengo resumi\u00f3 su sentir con una frase que lo dice todo: &#8220;estoy emocionada porque di mi vida por estos carnavales&#8221;. M\u00e1s de 30 a\u00f1os de trabajo ininterrumpido avalan esas palabras.<\/p>\n<p>Al recordar los escenarios que marcaron distintas \u00e9pocas del corso goyano, se\u00f1al\u00f3: &#8220;En las avenidas Sarmiento, Ca\u00e1 Guaz\u00fa, Madariaga, toda una vida&#8221;, trazando un recorrido sentimental por los espacios que fueron testigos de noches inolvidables.<\/p>\n<p>Con honestidad y sensibilidad, Isabel reconoci\u00f3 el momento personal que atraviesa: &#8220;Hoy me di cuenta que era tiempo de dejar, de dar un paso al costado. No ten\u00eda ganas de dejar&#8221;, confes\u00f3, dejando al descubierto la dificultad de soltar aquello que fue parte esencial de su vida.<\/p>\n<p>Sobre este nuevo tiempo, destac\u00f3 con alegr\u00eda: &#8220;Despu\u00e9s del 2017 nunca tuve vacaciones, este es mi primer a\u00f1o que tengo vacaciones y no se imaginan lo feliz que estoy, disfrutando de mis nietas que es lo principal y primordial&#8221;.<\/p>\n<p>Y agreg\u00f3 con ternura: &#8220;Justina y Joaquina son la luz de mis ojos, las he disfrutado todo este mes&#8221;.<\/p>\n<p>Tras d\u00e9cadas de sacrificio y entrega, Vernengo no dud\u00f3 en remarcar la complejidad del trabajo: &#8220;no es f\u00e1cil el trabajo de llevar adelante los carnavales&#8221;.<\/p>\n<p>En un profundo gesto de gratitud, expres\u00f3: &#8220;Agradezco infinitamente primero y principal a todas las comparsas que me tuvieron que aguantar y yo tuve el placer de trabajar con ellas, eso lo agradezco de coraz\u00f3n&#8221;.<\/p>\n<p>Tambi\u00e9n hizo extensivo su reconocimiento al equipo que la acompa\u00f1\u00f3 d\u00eda a d\u00eda: &#8220;Despu\u00e9s agradezco a todos mis compa\u00f1eros como Cesar Perrotta, Sebasti\u00e1n Soler, a la gente de obras, servicios. Yo estaba ma\u00f1ana, tarde y noche&#8221;.<\/p>\n<p>La ex responsable record\u00f3 adem\u00e1s a quienes confiaron en ella a lo largo de los a\u00f1os: &#8220;Agradecimientos a todos como en aquel entonces a Ignacio Osella que me dio esta oportunidad y hoy a Mariano Hormaechea que es nuestro intendente, esto est\u00e1 hermoso&#8221;.<\/p>\n<p>Consultada sobre la evoluci\u00f3n de los carnavales y los cambios introducidos, fue contundente: &#8220;es una hermosura, no puedo decir nada, est\u00e1 muy lindo todo&#8221;.<\/p>\n<p>Sobre el rol del actual jefe comunal, destac\u00f3: &#8220;Le agradezco a \u00e9l (Mariano Hormaechea) porque \u00e9l es el mentor de esto, dice s\u00ed a todo, algunas veces no como debe ser, estoy sumamente emocionada y me encanta c\u00f3mo est\u00e1n estos carnavales goyanos&#8221;.<\/p>\n<p>No escatim\u00f3 elogios para la infraestructura: &#8220;El cors\u00f3dromo es una maravilla, espectacular y lo felicito a nuestro intendente por jugarse por los corsos de Goya&#8221;.<\/p>\n<p>Al referirse al trabajo conjunto con las comparsas, Vernengo explic\u00f3: &#8220;El tema de las comparsas hay que saber entenderlo, he trabajado muy bien con todas, hab\u00eda cuestiones a tratar, pero siempre lleg\u00e1bamos a un acuerdo&#8221;.<\/p>\n<p>Sobre el nivel art\u00edstico, afirm\u00f3: &#8220;Las comparsas est\u00e1n hermosas, las que compiten y las que no. Es una maravilla, Oh Bah\u00eda me sorprendi\u00f3, me encant\u00f3&#8221;.<\/p>\n<p>Y con una mirada puesta en el futuro, dej\u00f3 un mensaje claro: &#8220;Las dem\u00e1s comparsas se han puesto las pilas notablemente, han trabajado muy bien y ojal\u00e1 sigan as\u00ed porque esto es para nuestro futuro del carnaval. Que no veamos m\u00e1s estas disputas entre unos y otros. Basta ya de eso sino eso hace que retrocedamos&#8221;.<\/p>\n<p>En esa misma l\u00ednea, subray\u00f3: &#8220;Tiene que ser todo consensuado perfectamente y que aceptemos como al jurado entre otras cosas&#8221;.<\/p>\n<p>Con la pasi\u00f3n intacta, expres\u00f3 su deseo para la ciudad: &#8220;Quiero que Goya salga del retardo del tema carnavales, que vaya para adelante, que reviente todas las noches&#8221;.<\/p>\n<p>Y cerr\u00f3 con una definici\u00f3n que resume su v\u00ednculo eterno con esta fiesta: &#8220;Siempre voy a estar para los carnavales de Goya, lo que tenga que aportar lo voy a hacer, pero no quiero tener responsabilidad&#8221;.<\/p>\n<p>Una vida entera dedicada al carnaval, una historia de entrega y pasi\u00f3n que quedar\u00e1 para siempre escrita en la memoria colectiva de Goya.<\/p>\n<p>Direcci\u00f3n de Prensa \u2013 Municipalidad de Goya.<\/p><\/div>\n<\/div>\n","protected":false},"excerpt":{"rendered":"<p>La \u00faltima noche de premiaci\u00f3n de la 4\u00aa Luna Carnavalera de Goya, vivida el pasado s\u00e1bado, fue mucho m\u00e1s que el cierre de una edici\u00f3n: fue una verdadera celebraci\u00f3n de la historia, el esfuerzo colectivo y la emoci\u00f3n compartida. La edici\u00f3n 2026 de los carnavales goyanos regal\u00f3 instantes inolvidables, cargados de alegr\u00eda, aplausos y reconocimientos [&hellip;]<\/p>\n","protected":false},"author":2,"featured_media":6835,"comment_status":"open","ping_status":"open","sticky":false,"template":"","format":"standard","meta":{"footnotes":""},"categories":[56],"tags":[],"class_list":{"0":"post-6834","1":"post","2":"type-post","3":"status-publish","4":"format-standard","5":"has-post-thumbnail","7":"category-locales"},"_links":{"self":[{"href":"https:\/\/elpueblonoticia.com.ar\/web\/wp-json\/wp\/v2\/posts\/6834","targetHints":{"allow":["GET"]}}],"collection":[{"href":"https:\/\/elpueblonoticia.com.ar\/web\/wp-json\/wp\/v2\/posts"}],"about":[{"href":"https:\/\/elpueblonoticia.com.ar\/web\/wp-json\/wp\/v2\/types\/post"}],"author":[{"embeddable":true,"href":"https:\/\/elpueblonoticia.com.ar\/web\/wp-json\/wp\/v2\/users\/2"}],"replies":[{"embeddable":true,"href":"https:\/\/elpueblonoticia.com.ar\/web\/wp-json\/wp\/v2\/comments?post=6834"}],"version-history":[{"count":1,"href":"https:\/\/elpueblonoticia.com.ar\/web\/wp-json\/wp\/v2\/posts\/6834\/revisions"}],"predecessor-version":[{"id":6836,"href":"https:\/\/elpueblonoticia.com.ar\/web\/wp-json\/wp\/v2\/posts\/6834\/revisions\/6836"}],"wp:featuredmedia":[{"embeddable":true,"href":"https:\/\/elpueblonoticia.com.ar\/web\/wp-json\/wp\/v2\/media\/6835"}],"wp:attachment":[{"href":"https:\/\/elpueblonoticia.com.ar\/web\/wp-json\/wp\/v2\/media?parent=6834"}],"wp:term":[{"taxonomy":"category","embeddable":true,"href":"https:\/\/elpueblonoticia.com.ar\/web\/wp-json\/wp\/v2\/categories?post=6834"},{"taxonomy":"post_tag","embeddable":true,"href":"https:\/\/elpueblonoticia.com.ar\/web\/wp-json\/wp\/v2\/tags?post=6834"}],"curies":[{"name":"wp","href":"https:\/\/api.w.org\/{rel}","templated":true}]}}