{"id":6830,"date":"2026-02-10T09:43:01","date_gmt":"2026-02-10T12:43:01","guid":{"rendered":"https:\/\/elpueblonoticia.com.ar\/web\/?p=6830"},"modified":"2026-02-10T09:43:01","modified_gmt":"2026-02-10T12:43:01","slug":"femicidio-de-cecilia-strzyzowski-este-martes-fijaran-las-sentencias-para-cesar-sena-y-sus-padres","status":"publish","type":"post","link":"https:\/\/elpueblonoticia.com.ar\/web\/2026\/02\/10\/femicidio-de-cecilia-strzyzowski-este-martes-fijaran-las-sentencias-para-cesar-sena-y-sus-padres\/","title":{"rendered":"Femicidio de Cecilia Strzyzowski: este martes fijar\u00e1n las sentencias para C\u00e9sar Sena y sus padres"},"content":{"rendered":"<p><img decoding=\"async\" src=\"https:\/\/media.minutouno.com\/p\/c37e7a4803cfb7dc6a77dc988a93cca5\/adjuntos\/150\/imagenes\/040\/791\/0040791448\/gloria-romero-mama-cecilia-strzyzowski.jpg\" data-src=\"https:\/\/media.minutouno.com\/p\/c37e7a4803cfb7dc6a77dc988a93cca5\/adjuntos\/150\/imagenes\/040\/791\/0040791448\/gloria-romero-mama-cecilia-strzyzowski.jpg\" data-td-src-property=\"&lt;a href=\" \/><\/p>\n<p><strong>La Justicia del Chaco declar\u00f3 culpables por el femicidio de Cecilia Strzyzowski a los Sena y a sus colaboradores, y los conden\u00f3 a prisi\u00f3n efectiva.<\/strong><\/p>\n<p>La Justicia del Chaco fijar\u00e1 este martes las penas para C\u00e9sar Sena y sus padres, Emerenciano Sena y Marcela Acu\u00f1a, por el femicidio de Cecilia Strzyzowski. Con ellos tambi\u00e9n fueron declarados culpables Gustavo Obreg\u00f3n, Gustavo Melgarejo y Fabiana Gonz\u00e1lez, quienes encubrieron el crimen.<\/p>\n<p>Se espera que la jueza Dolly Fern\u00e1ndez, que presidi\u00f3 el juicio por jurados populares, lea el veredicto en una audiencia virtual que comenzar\u00e1 a las 9 en la C\u00e1mara Segunda en lo Criminal, en Resistencia, Chaco.<\/p>\n<p>&nbsp;<\/p>\n<section class=\"detail-body\">\n<section class=\"body-content note-body content-protected-false\">Durante las audiencias de cesura, celebradas a fines de 2025, tanto la Fiscal\u00eda como la querella solicitaron prisi\u00f3n perpetua para los Sena,<strong>\u00a0mientras que la defensa plante\u00f3 la inconstitucionalidad de esa pena.<\/strong><\/p>\n<\/section>\n<\/section>\n<section class=\"detail-body\">\n<section class=\"body-content note-body content-protected-false\">\n<figure id=\"7952963-Libre-1923497240_wrap\" class=\"embed_cont type_imagen\"><figcaption>\n<section class=\"detail-body\">\n<section class=\"body-content note-body content-protected-false\">Pero el art\u00edculo 80 del C\u00f3digo Penal\u00a0<strong>estipula la pena de prisi\u00f3n perpetua dada la gravedad del il\u00edcito que es el femicidio<\/strong>, es decir, del delito de homicidio doblemente agravado por violencia de g\u00e9nero y el v\u00ednculo, en calidad de autor, en el caso de C\u00e9sar Sena, y de part\u00edcipes necesarios, en el caso de sus padres.<\/p>\n<\/section>\n<\/section>\n<section class=\"detail-body\">\n<section class=\"body-content note-body content-protected-false\">Mientras tanto, los colaboradores del clan Sena podr\u00edan enfrentar penas de menos a\u00f1os porque son responsables por encubrimiento agravado.<\/p>\n<\/section>\n<\/section>\n<section class=\"detail-body\">\n<section class=\"body-content note-body content-protected-false\">&#8220;<strong>Muchos nos dijeron que sin cuerpo ni acta no iba a ver sentencia, pero Cecilia habl\u00f3, nos marc\u00f3 el r\u00edo donde fueron tiradas sus cenizas, se encontr\u00f3 su dique y valija, la cual ten\u00eda sus sue\u00f1os guardados<\/strong>. Todos estos elementos permitieron que el Equipo Fiscal pueda demostrar que Cecilia entr\u00f3 a una casa con vida y sali\u00f3 envuelta en una frazada&#8221;, subray\u00f3 Jorge Canteros, procurador general de la provincia del Chaco.<\/p>\n<h2><strong>Marcha en Resistencia por el femicidio de Cecilia Strzyzowski<\/strong><\/h2>\n<p>Gloria Romero, la madre de Cecilia Strzyzowski, confirm\u00f3 que participar\u00e1 de la marcha de Madres del Dolor que est\u00e1 convocada para este martes frente a los tribunales en Juan B. Justo y San Mart\u00edn, ciudad de Resistencia.<\/p>\n<p>\u201c<strong>Vine a quedarme a seguir con la lucha, estar\u00e9 en cada marcha pidiendo justicia por mi hija<\/strong>\u201d, se\u00f1al\u00f3 Romero.<\/p>\n<p>La<strong>\u00a0joven de 28 a\u00f1os hab\u00eda sido invitada a la casa de Marcela Acu\u00f1a y Emerenciano Sena junto a su exmarido, C\u00e9sar Sena, de 20<\/strong>, de quien se hab\u00eda divorciado hac\u00eda muy poco tiempo.<\/p>\n<p>El plan era hablar de un supuesto viaje, y por eso la joven acudi\u00f3 a la cita con una valija con ropa y objetos personales. Luego desapareci\u00f3.<\/p>\n<p>Pasaron casi dos a\u00f1os y medio hasta que la Justicia del Chaco dio por confirmado el femicidio de Cecilia Strzyzowski.<\/p>\n<p>Esta semana su madre,\u00a0<strong>Gloria Romero, afirm\u00f3 que tiene &#8220;las mejores expectativas&#8221; sobre las posibles penas que le tocar\u00e1n a C\u00e9sar Sena y a su clan.<\/strong><\/p>\n<p>&#8220;<strong>Espero prisi\u00f3n perpetua para los asesinos. No creo que cambien la decisi\u00f3n del jurado<\/strong>&#8220;, se\u00f1al\u00f3 la mujer.<\/p>\n<\/section>\n<\/section>\n<\/figcaption><\/figure>\n<\/section>\n<\/section>\n","protected":false},"excerpt":{"rendered":"<p>La Justicia del Chaco declar\u00f3 culpables por el femicidio de Cecilia Strzyzowski a los Sena y a sus colaboradores, y los conden\u00f3 a prisi\u00f3n efectiva. La Justicia del Chaco fijar\u00e1 este martes las penas para C\u00e9sar Sena y sus padres, Emerenciano Sena y Marcela Acu\u00f1a, por el femicidio de Cecilia Strzyzowski. Con ellos tambi\u00e9n fueron [&hellip;]<\/p>\n","protected":false},"author":2,"featured_media":6831,"comment_status":"open","ping_status":"open","sticky":false,"template":"","format":"standard","meta":{"footnotes":""},"categories":[68],"tags":[],"class_list":{"0":"post-6830","1":"post","2":"type-post","3":"status-publish","4":"format-standard","5":"has-post-thumbnail","7":"category-policiales-nacionales"},"_links":{"self":[{"href":"https:\/\/elpueblonoticia.com.ar\/web\/wp-json\/wp\/v2\/posts\/6830","targetHints":{"allow":["GET"]}}],"collection":[{"href":"https:\/\/elpueblonoticia.com.ar\/web\/wp-json\/wp\/v2\/posts"}],"about":[{"href":"https:\/\/elpueblonoticia.com.ar\/web\/wp-json\/wp\/v2\/types\/post"}],"author":[{"embeddable":true,"href":"https:\/\/elpueblonoticia.com.ar\/web\/wp-json\/wp\/v2\/users\/2"}],"replies":[{"embeddable":true,"href":"https:\/\/elpueblonoticia.com.ar\/web\/wp-json\/wp\/v2\/comments?post=6830"}],"version-history":[{"count":1,"href":"https:\/\/elpueblonoticia.com.ar\/web\/wp-json\/wp\/v2\/posts\/6830\/revisions"}],"predecessor-version":[{"id":6832,"href":"https:\/\/elpueblonoticia.com.ar\/web\/wp-json\/wp\/v2\/posts\/6830\/revisions\/6832"}],"wp:featuredmedia":[{"embeddable":true,"href":"https:\/\/elpueblonoticia.com.ar\/web\/wp-json\/wp\/v2\/media\/6831"}],"wp:attachment":[{"href":"https:\/\/elpueblonoticia.com.ar\/web\/wp-json\/wp\/v2\/media?parent=6830"}],"wp:term":[{"taxonomy":"category","embeddable":true,"href":"https:\/\/elpueblonoticia.com.ar\/web\/wp-json\/wp\/v2\/categories?post=6830"},{"taxonomy":"post_tag","embeddable":true,"href":"https:\/\/elpueblonoticia.com.ar\/web\/wp-json\/wp\/v2\/tags?post=6830"}],"curies":[{"name":"wp","href":"https:\/\/api.w.org\/{rel}","templated":true}]}}