{"id":6822,"date":"2026-02-10T09:18:46","date_gmt":"2026-02-10T12:18:46","guid":{"rendered":"https:\/\/elpueblonoticia.com.ar\/web\/?p=6822"},"modified":"2026-02-10T09:18:46","modified_gmt":"2026-02-10T12:18:46","slug":"el-gobierno-envio-al-congreso-el-proyecto-para-bajar-la-edad-de-imputabilidad","status":"publish","type":"post","link":"https:\/\/elpueblonoticia.com.ar\/web\/2026\/02\/10\/el-gobierno-envio-al-congreso-el-proyecto-para-bajar-la-edad-de-imputabilidad\/","title":{"rendered":"El Gobierno envi\u00f3 al Congreso el proyecto para bajar la edad de imputabilidad"},"content":{"rendered":"<div id=\"modalIntrotext\">\n<div>La reforma del R\u00e9gimen Penal Juvenil prev\u00e9 un r\u00e9gimen diferenciado para adolescentes y asigna partidas espec\u00edficas en el Presupuesto 2026. La oposici\u00f3n busca llevar el piso a 14 a\u00f1os.<\/div>\n<div><\/div>\n<div><\/div>\n<div>\n<div class=\"contenido\">\n<div id=\"modalFulltext\">El Gobierno envi\u00f3 al Congreso el proyecto de ley de reforma del R\u00e9gimen Penal Juvenil, con el eje puesto en la baja de la edad de imputabilidad a 13 a\u00f1os, y con la intenci\u00f3n de acelerar su tratamiento parlamentario para que sea debatido en comisiones y, de ser posible, votado en el recinto de la C\u00e1mara de Diputados esta semana.<\/p>\n<p>La iniciativa es id\u00e9ntica a la que el Poder Ejecutivo hab\u00eda girado el a\u00f1o pasado y vuelve a colocar en el centro de la discusi\u00f3n uno de los temas m\u00e1s sensibles de la agenda penal: la responsabilidad de los adolescentes frente a delitos graves. El texto propone reducir de 16 a 13 a\u00f1os la edad m\u00ednima para que una persona pueda ser imputada penalmente, aunque en el oficialismo admiten que ese punto dif\u00edcilmente prospere sin modificaciones.<\/p>\n<p>En los bloques de la oposici\u00f3n dialoguista ya dejaron en claro que el consenso pol\u00edtico hoy se ubica un escal\u00f3n m\u00e1s arriba. Referentes del PRO y de la UCR anticiparon que el acuerdo posible es fijar el umbral en los 14 a\u00f1os, tal como se hab\u00eda consensuado en el dictamen trabajado durante el a\u00f1o pasado. En ese escenario, se espera que el proyecto sea modificado cuando se firme el despacho de comisi\u00f3n, previsto para el pr\u00f3ximo mi\u00e9rcoles.<\/p>\n<p>Otro de los aspectos que generaba resistencia y que comenz\u00f3 a despejarse en las \u00faltimas horas es el financiamiento. Durante una reuni\u00f3n entre los presidentes de bloque y el titular de la C\u00e1mara de Diputados, Mart\u00edn Menem, el oficialismo aclar\u00f3 que, a diferencia del texto original, esta vez s\u00ed habr\u00e1 partidas presupuestarias espec\u00edficas para implementar el nuevo r\u00e9gimen.<\/p>\n<p>Esa definici\u00f3n qued\u00f3 plasmada en el art\u00edculo 51 del proyecto, bajo el t\u00edtulo \u201cAsignaci\u00f3n Presupuestaria\u201d. All\u00ed se establece un monto total de $23.739.155.303,08 para el a\u00f1o 2026, con un detalle de los fondos que corresponder\u00e1n al Ministerio de Justicia y a la Defensor\u00eda General de la Naci\u00f3n. La ausencia de recursos hab\u00eda sido uno de los principales argumentos de la oposici\u00f3n para frenar el avance de la iniciativa en 2025.<\/p>\n<p>Seg\u00fan el cronograma difundido por la presidencia de la C\u00e1mara baja, la intenci\u00f3n de La Libertad Avanza es dictaminar el mi\u00e9rcoles en un plenario conjunto de las comisiones de Justicia, Familia y Ni\u00f1ez y Presupuesto, para llevar el proyecto al recinto el jueves 12 de febrero.<\/p>\n<p>Baja de imputabilidad: las claves del proyecto de reforma penal<\/p>\n<p>En cuanto al contenido de fondo, el proyecto mantiene la propuesta de habilitar la imputabilidad desde los 13 a\u00f1os para delitos considerados graves, como homicidios, robos con violencia, abusos sexuales y secuestros. Al mismo tiempo, define un r\u00e9gimen penal juvenil diferenciado del sistema de adultos, con l\u00edmites espec\u00edficos a las penas. En su versi\u00f3n original, el texto contempla condenas de hasta 20 a\u00f1os de prisi\u00f3n, aunque excluye expresamente la prisi\u00f3n perpetua, incluso en casos de concurso de delitos.<\/p>\n<p>Desde el Gobierno sostienen que la reforma busca dar una respuesta a hechos de inseguridad protagonizados por adolescentes y evitar que organizaciones criminales se valgan de menores inimputables para cometer delitos. La l\u00f3gica del proyecto apunta a combinar sanci\u00f3n penal con mecanismos de reinserci\u00f3n social, especialmente en los tramos m\u00e1s bajos de edad.<\/p>\n<p>En materia procesal, se establece que para los menores de hasta 15 a\u00f1os el juez podr\u00e1 disponer medidas de privaci\u00f3n de la libertad \u00fanicamente en casos graves, priorizando siempre alternativas orientadas a la resocializaci\u00f3n. Para delitos de menor entidad, el proyecto prev\u00e9 sanciones no privativas de libertad, como tareas comunitarias, reglas de conducta y mecanismos de reparaci\u00f3n del da\u00f1o causado.<\/p>\n<p>Uno de los puntos que podr\u00eda volver a modificarse durante el debate legislativo es el tope de las penas. En el dictamen consensuado el a\u00f1o pasado entre el oficialismo y los bloques dialoguistas se hab\u00eda fijado una pena m\u00e1xima de 15 a\u00f1os de encierro para delitos especialmente graves, mientras que para conductas con escalas de hasta tres a\u00f1os se priorizaban sanciones alternativas. En ese esquema, la privaci\u00f3n de la libertad quedaba reservada como \u00faltimo recurso.<\/p>\n<p>El r\u00e9gimen penal juvenil tambi\u00e9n incluye la creaci\u00f3n de institutos espec\u00edficos para el alojamiento de adolescentes condenados, con la obligaci\u00f3n de garantizar el acceso a la educaci\u00f3n, atenci\u00f3n m\u00e9dica integral y tratamiento para adicciones. El personal de esos centros deber\u00e1 estar especializado en infancia y adolescencia y se proh\u00edbe de manera taxativa cualquier tipo de convivencia con detenidos mayores de edad.<\/p>\n<p>El proyecto incorpora, adem\u00e1s, un sistema de derechos reforzados para los adolescentes sometidos a proceso penal: patrocinio jur\u00eddico gratuito, asistencia psicol\u00f3gica y social, participaci\u00f3n en instancias de mediaci\u00f3n y el derecho a ser informados y escuchados durante todo el tr\u00e1mite judicial. Este punto fue uno de los que concentr\u00f3 el debate sobre los costos de implementaci\u00f3n, ahora contemplados mediante la posibilidad de acuerdos entre la Naci\u00f3n y las provincias para el env\u00edo de partidas destinadas a infraestructura.<\/p>\n<p>En paralelo, el texto tambi\u00e9n refuerza los derechos de las v\u00edctimas, garantizando acceso a asistencia legal y acompa\u00f1amiento psicol\u00f3gico, as\u00ed como su participaci\u00f3n en el proceso y el derecho a recibir informaci\u00f3n sobre el avance de las causas.<\/p><\/div>\n<div>\n<div id=\"117986-4\"><\/div>\n<div id=\"117986-6\"><\/div>\n<div id=\"117986-3\"><\/div>\n<\/div>\n<\/div>\n<div class=\"modalRedes\"><\/div>\n<\/div>\n<\/div>\n","protected":false},"excerpt":{"rendered":"<p>La reforma del R\u00e9gimen Penal Juvenil prev\u00e9 un r\u00e9gimen diferenciado para adolescentes y asigna partidas espec\u00edficas en el Presupuesto 2026. La oposici\u00f3n busca llevar el piso a 14 a\u00f1os. El Gobierno envi\u00f3 al Congreso el proyecto de ley de reforma del R\u00e9gimen Penal Juvenil, con el eje puesto en la baja de la edad de [&hellip;]<\/p>\n","protected":false},"author":2,"featured_media":6823,"comment_status":"open","ping_status":"open","sticky":false,"template":"","format":"standard","meta":{"footnotes":""},"categories":[64],"tags":[],"class_list":{"0":"post-6822","1":"post","2":"type-post","3":"status-publish","4":"format-standard","5":"has-post-thumbnail","7":"category-nacionales"},"_links":{"self":[{"href":"https:\/\/elpueblonoticia.com.ar\/web\/wp-json\/wp\/v2\/posts\/6822","targetHints":{"allow":["GET"]}}],"collection":[{"href":"https:\/\/elpueblonoticia.com.ar\/web\/wp-json\/wp\/v2\/posts"}],"about":[{"href":"https:\/\/elpueblonoticia.com.ar\/web\/wp-json\/wp\/v2\/types\/post"}],"author":[{"embeddable":true,"href":"https:\/\/elpueblonoticia.com.ar\/web\/wp-json\/wp\/v2\/users\/2"}],"replies":[{"embeddable":true,"href":"https:\/\/elpueblonoticia.com.ar\/web\/wp-json\/wp\/v2\/comments?post=6822"}],"version-history":[{"count":1,"href":"https:\/\/elpueblonoticia.com.ar\/web\/wp-json\/wp\/v2\/posts\/6822\/revisions"}],"predecessor-version":[{"id":6824,"href":"https:\/\/elpueblonoticia.com.ar\/web\/wp-json\/wp\/v2\/posts\/6822\/revisions\/6824"}],"wp:featuredmedia":[{"embeddable":true,"href":"https:\/\/elpueblonoticia.com.ar\/web\/wp-json\/wp\/v2\/media\/6823"}],"wp:attachment":[{"href":"https:\/\/elpueblonoticia.com.ar\/web\/wp-json\/wp\/v2\/media?parent=6822"}],"wp:term":[{"taxonomy":"category","embeddable":true,"href":"https:\/\/elpueblonoticia.com.ar\/web\/wp-json\/wp\/v2\/categories?post=6822"},{"taxonomy":"post_tag","embeddable":true,"href":"https:\/\/elpueblonoticia.com.ar\/web\/wp-json\/wp\/v2\/tags?post=6822"}],"curies":[{"name":"wp","href":"https:\/\/api.w.org\/{rel}","templated":true}]}}