{"id":6808,"date":"2026-02-10T08:39:52","date_gmt":"2026-02-10T11:39:52","guid":{"rendered":"https:\/\/elpueblonoticia.com.ar\/web\/?p=6808"},"modified":"2026-02-10T08:39:52","modified_gmt":"2026-02-10T11:39:52","slug":"monsenor-canecin-insto-a-ser-luz-y-sal-frente-a-la-trata-y-las-adicciones","status":"publish","type":"post","link":"https:\/\/elpueblonoticia.com.ar\/web\/2026\/02\/10\/monsenor-canecin-insto-a-ser-luz-y-sal-frente-a-la-trata-y-las-adicciones\/","title":{"rendered":"MONSE\u00d1OR CANEC\u00cdN INST\u00d3 A SER &#8220;LUZ Y SAL&#8221; FRENTE A LA TRATA Y LAS ADICCIONES"},"content":{"rendered":"<p><strong>En la Jornada Mundial de Oraci\u00f3n y Sensibilizaci\u00f3n contra la Trata de Personas, el obispo de Goya, monse\u00f1or Adolfo Canec\u00edn, presidi\u00f3 la Misa el domingo en la Iglesia Catedral.<\/strong><\/p>\n<p>Bajo el lema &#8220;La paz comienza con la dignidad: una llamada global a poner fin a la trata de personas&#8221;, el diocesano vincul\u00f3 la identidad cristiana con el compromiso social, destacando especialmente la labor de la Fazenda de la Esperanza.<\/p>\n<p>Durante su homil\u00eda, y en sinton\u00eda con el Evangelio, monse\u00f1or Canec\u00edn record\u00f3 que la identidad del cristiano es ser &#8220;luz y sal&#8221;, una misi\u00f3n que se traduce en &#8220;no ser indiferentes ante las problem\u00e1ticas que golpean la dignidad humana&#8221;.<\/p>\n<p>&#8220;Una manera de ser luz y sal es no ser indiferentes ante las problem\u00e1ticas sociales que campean en nuestro mundo, como la trata de personas, el consumo de drogas, el alcohol y la inconducta vial&#8221;, expres\u00f3 el obispo.<\/p>\n<p>Monse\u00f1or Canecin hizo un en\u00e9rgico llamado a luchar contra la trata, adhiriendo a las palabras del Papa Leon XIV quien calific\u00f3 como un \u201cgrave crimen contra la humanidad&#8221; y un desprecio por la vida.<\/p>\n<p>Citando el mensaje de su santidad, inst\u00f3 a trabajar en la prevenci\u00f3n y a no tener miedo de denunciar: &#8220;Lo que es delito tiene que combatirlo el Estado&#8221;, sentenci\u00f3.<\/p>\n<p>Advirti\u00f3 que &#8220;la sensibilizaci\u00f3n nos permite identificar los mecanismos ocultos de explotaci\u00f3n en nuestros barrios y en los espacios digitales&#8221;.<\/p>\n<p>Un aspecto central de la homil\u00eda fue la visibilizaci\u00f3n de la Fazenda de la Esperanza femenina, que desarrolla su labor en el departamento de Lavalle.<\/p>\n<p>Integrantes de la comunidad terap\u00e9utica \u2013entre ellas la responsable de la Fazenda en esta di\u00f3cesis Andrea Vera- participaron de la Eucarist\u00eda y brindaron testimonios sobre su proceso de recuperaci\u00f3n y nueva vida.<\/p>\n<p>Monse\u00f1or Canec\u00edn invit\u00f3 a la feligres\u00eda a conocer y difundir este carisma, aclarando que &#8220;no es necesario padecer una adicci\u00f3n&#8221; para sumarse a la espiritualidad de la Fazenda.<\/p>\n<p>&#8220;Qu\u00e9 lindo es conocer un carisma que nos ense\u00f1a a vivir la Palabra&#8221;, se\u00f1al\u00f3, expresando incluso su deseo personal de integrarse m\u00e1s profundamente a esta experiencia de vida, cuando sea obispo em\u00e9rito.<\/p>\n<p>Hacia el final de la celebraci\u00f3n, el obispo anim\u00f3 a los laicos a conformar los Grupos Esperanza Viva (GEV). Estos espacios funcionan como una extensi\u00f3n de la Fazenda, brindando contenci\u00f3n y acompa\u00f1amiento tanto a personas con consumos problem\u00e1ticos como a sus familias.<\/p>\n<p>&#8220;Es una manera muy concreta de ser luz y de ser sal: conformar equipos que reciban, acojan y acompa\u00f1en a quienes han terminado la caminata de rehabilitaci\u00f3n&#8221;, concluy\u00f3.<\/p>\n<p>La celebraci\u00f3n finaliz\u00f3 con la intercesi\u00f3n de Santa Josefina Bakhita, s\u00edmbolo de la lucha contra la esclavitud, encomendando a ella a todas las v\u00edctimas de explotaci\u00f3n y a quienes trabajan por su liberaci\u00f3n.-<\/p>\n","protected":false},"excerpt":{"rendered":"<p>En la Jornada Mundial de Oraci\u00f3n y Sensibilizaci\u00f3n contra la Trata de Personas, el obispo de Goya, monse\u00f1or Adolfo Canec\u00edn, presidi\u00f3 la Misa el domingo en la Iglesia Catedral. Bajo el lema &#8220;La paz comienza con la dignidad: una llamada global a poner fin a la trata de personas&#8221;, el diocesano vincul\u00f3 la identidad cristiana [&hellip;]<\/p>\n","protected":false},"author":2,"featured_media":6809,"comment_status":"open","ping_status":"open","sticky":false,"template":"","format":"standard","meta":{"footnotes":""},"categories":[56],"tags":[],"class_list":{"0":"post-6808","1":"post","2":"type-post","3":"status-publish","4":"format-standard","5":"has-post-thumbnail","7":"category-locales"},"_links":{"self":[{"href":"https:\/\/elpueblonoticia.com.ar\/web\/wp-json\/wp\/v2\/posts\/6808","targetHints":{"allow":["GET"]}}],"collection":[{"href":"https:\/\/elpueblonoticia.com.ar\/web\/wp-json\/wp\/v2\/posts"}],"about":[{"href":"https:\/\/elpueblonoticia.com.ar\/web\/wp-json\/wp\/v2\/types\/post"}],"author":[{"embeddable":true,"href":"https:\/\/elpueblonoticia.com.ar\/web\/wp-json\/wp\/v2\/users\/2"}],"replies":[{"embeddable":true,"href":"https:\/\/elpueblonoticia.com.ar\/web\/wp-json\/wp\/v2\/comments?post=6808"}],"version-history":[{"count":1,"href":"https:\/\/elpueblonoticia.com.ar\/web\/wp-json\/wp\/v2\/posts\/6808\/revisions"}],"predecessor-version":[{"id":6810,"href":"https:\/\/elpueblonoticia.com.ar\/web\/wp-json\/wp\/v2\/posts\/6808\/revisions\/6810"}],"wp:featuredmedia":[{"embeddable":true,"href":"https:\/\/elpueblonoticia.com.ar\/web\/wp-json\/wp\/v2\/media\/6809"}],"wp:attachment":[{"href":"https:\/\/elpueblonoticia.com.ar\/web\/wp-json\/wp\/v2\/media?parent=6808"}],"wp:term":[{"taxonomy":"category","embeddable":true,"href":"https:\/\/elpueblonoticia.com.ar\/web\/wp-json\/wp\/v2\/categories?post=6808"},{"taxonomy":"post_tag","embeddable":true,"href":"https:\/\/elpueblonoticia.com.ar\/web\/wp-json\/wp\/v2\/tags?post=6808"}],"curies":[{"name":"wp","href":"https:\/\/api.w.org\/{rel}","templated":true}]}}