{"id":6804,"date":"2026-02-10T08:26:26","date_gmt":"2026-02-10T11:26:26","guid":{"rendered":"https:\/\/elpueblonoticia.com.ar\/web\/?p=6804"},"modified":"2026-02-10T08:26:26","modified_gmt":"2026-02-10T11:26:26","slug":"tras-la-renuncia-de-marco-lavagna-el-indec-publicara-este-martes-la-inflacion-de-enero","status":"publish","type":"post","link":"https:\/\/elpueblonoticia.com.ar\/web\/2026\/02\/10\/tras-la-renuncia-de-marco-lavagna-el-indec-publicara-este-martes-la-inflacion-de-enero\/","title":{"rendered":"Tras la renuncia de Marco Lavagna, el INDEC publicar\u00e1 este martes la inflaci\u00f3n de enero"},"content":{"rendered":"<p>NA &#8211; El IPC del primer mes de 2026 habr\u00eda rondado el 2,5%, seg\u00fan estimaciones privadas.<\/p>\n<p>&nbsp;<\/p>\n<div class=\"contenido\">\n<div id=\"modalFulltext\">Buenos Aires, 10 febrero (NA) \u2013 El Instituto Nacional de Estad\u00edstica y Censos (INDEC) dar\u00e1 a conocer este martes el \u00cdndice de Precios al Consumidor (IPC) de enero, que habr\u00eda experimentado una leve desaceleraci\u00f3n respecto al cierre del a\u00f1o pasado, en medio de la pol\u00e9mica por la postergaci\u00f3n de la nueva medici\u00f3n y la salida de Marco Lavagna.<\/p>\n<p>El \u00edndice inflacionario habr\u00eda reflejado una merma en enero frente al 2,8% registrado en diciembre, cortando con una tendencia alcista que se observa desde junio del 2025 y que se profundiz\u00f3 a partir de septiembre cuando las cifras volvieron a superar el 2%, seg\u00fan estiman los analistas privados relevados por la Agencia Noticias Argentinas.<\/p>\n<p>De esta manera, el indicador -que el organismo estad\u00edstico revelar\u00e1 con la vieja medici\u00f3n- se habr\u00eda mantenido por encima del 2% a pesar de preverse un leve descenso en el camino ascendente de los \u00faltimos meses.<\/p>\n<p>El Relevamiento de Expectativas de Mercado (REM), que elabora el Banco Central en base a las estimaciones privadas, previ\u00f3 que la inflaci\u00f3n del primer mes del 2026 habr\u00eda estado en 2,4% y espera que la inflaci\u00f3n interanual alcance a fin de a\u00f1o 22,4%.<\/p>\n<p>A modo de anticipo, la inflaci\u00f3n de la Ciudad de Buenos Aires en el mes pasado alcanz\u00f3 el 3,1%, una aceleraci\u00f3n de 0,4 puntos porcentuales frente a diciembre (2,7%). En la comparaci\u00f3n interanual, la variaci\u00f3n de precios en el territorio porte\u00f1o alcanz\u00f3 31,7%.<\/p>\n<p>El dato porte\u00f1o aparece m\u00e1s elevado que las estimaciones a nivel nacional, debido a que el IDECBA ya tiene la formula actualizada para medir la inflaci\u00f3n, al hacerlo sobre la Encuesta Nacional de Gastos de los Hogares (ENGHo) 2017\/18 con base 2021, la cual se deb\u00eda implementar este mes en todo el pa\u00eds pero que finalmente seguir\u00e1 con la ENGHo 2004\/05.<\/p>\n<p>El reporte de Equilibra indic\u00f3 que la inflaci\u00f3n mensual avanz\u00f3 el mes pasado al 2,2%, registrando los principales aumentos en los rubros restaurantes y hoteles (3,8%), bienes y servicios varios junto con alimentos y bebidas no alcoh\u00f3licas (ambos 3.1%) y salud (2,8%). La variaci\u00f3n interanual fue estimada en 32%.<\/p>\n<p>El economista senior de la consultora, Gonzalo Carrera, asoci\u00f3 la baja mensual a tres factores: \u201calimentos y bebidas no estacionales descender\u00edan m\u00e1s de 1,5 puntos porcentuales, por carne m\u00e1s calma; baja en regulados tras fuertes subas en transporte p\u00fablico, nafta y tabaco de diciembre, y d\u00f3lar estable que abarat\u00f3 ciertos bienes del resto de la n\u00facleo\u201d.<\/p>\n<p>EcoGo Consultores, por su parte, estim\u00f3 que la inflaci\u00f3n en alimentos y bebidas del mes pasado alcanz\u00f3 el 2,5%, sosteniendo que \u201cla suba estuvo liderada por la categor\u00eda verduras, mientras que las carnes mantuvieron incrementos en torno al 3,6% mensual\u201d.<\/p>\n<p>La Fundaci\u00f3n Libertad y Progreso estim\u00f3 que la inflaci\u00f3n cerr\u00f3 en 2,6% en enero. De esta manera, calcul\u00f3 que la variaci\u00f3n de precios interanual alcanz\u00f3 en el primer mes del a\u00f1o un 32,1%, \u201cevidenciando una aceleraci\u00f3n, en l\u00ednea con la din\u00e1mica observada desde octubre\u201d.<\/p>\n<p>Sin embargo, se mostraron optimistas de cara al comportamiento de los precios durante el nuevo mes al proyectar que \u201ca partir de febrero podr\u00eda revertirse esta tendencia y retomarse el proceso de desaceleraci\u00f3n interanual\u201d.<\/p>\n<p>Al analizar la din\u00e1mica alcista de los \u00faltimos meses, explicaron que \u201cla leve aceleraci\u00f3n inflacionaria que hemos visto es el reflejo de la baja de la demanda de pesos por la creciente incertidumbre electoral que depreci\u00f3 nuestra moneda\u201d, indicando que \u201cesto hizo subir los tipos de cambio y, posteriormente, fue impulsando el alza de los productos comerciables como alimentos y bebidas, cuesti\u00f3n que contin\u00faa sucediendo\u201d.<\/p>\n<p>En este sentido, desde la entidad remarcaron que \u201cllevar\u00e1 tiempo para que el total de esa p\u00e9rdida de valor del peso se termine de reflejar en todos los precios, pero deber\u00eda ser decreciente en la medida que cada vez una mayor proporci\u00f3n de todos los bienes y servicios ya la incorporaron, quedando menos por hacerlo\u201d.<\/p>\n<p>El relevamiento de precios minoristas de la consultora C&amp;T para la regi\u00f3n Gran Buenos Aires tuvo un incremento mensual de 2,4% en enero, \u201crompiendo la tendencia al alza de los meses previos\u201d. De esta manera, calcularon que el IPC anual habr\u00eda marcado un 29,2%.<\/p>\n<p>Al detallar el comportamiento de cada rubro, el an\u00e1lisis puntualiz\u00f3 que alimentos y bebidas fue el de mayor incremento en el mes (4,1%) se\u00f1alando que \u201cel movimiento estuvo muy influido por la fuerte suba de las verduras\u201d y agreg\u00f3 que \u201cla carne fue determinante tambi\u00e9n, al aumentar en torno al 5%, pero se trato del menor ritmo desde octubre\u201d. #AgenciaNA<\/p><\/div>\n<div>\n<div id=\"117986-4\"><\/div>\n<div id=\"117986-6\"><\/div>\n<div id=\"117986-3\"><\/div>\n<\/div>\n<\/div>\n<div class=\"modalRedes\"><\/div>\n","protected":false},"excerpt":{"rendered":"<p>NA &#8211; El IPC del primer mes de 2026 habr\u00eda rondado el 2,5%, seg\u00fan estimaciones privadas. &nbsp; Buenos Aires, 10 febrero (NA) \u2013 El Instituto Nacional de Estad\u00edstica y Censos (INDEC) dar\u00e1 a conocer este martes el \u00cdndice de Precios al Consumidor (IPC) de enero, que habr\u00eda experimentado una leve desaceleraci\u00f3n respecto al cierre del [&hellip;]<\/p>\n","protected":false},"author":2,"featured_media":6805,"comment_status":"open","ping_status":"open","sticky":false,"template":"","format":"standard","meta":{"footnotes":""},"categories":[78],"tags":[],"class_list":{"0":"post-6804","1":"post","2":"type-post","3":"status-publish","4":"format-standard","5":"has-post-thumbnail","7":"category-generales"},"_links":{"self":[{"href":"https:\/\/elpueblonoticia.com.ar\/web\/wp-json\/wp\/v2\/posts\/6804","targetHints":{"allow":["GET"]}}],"collection":[{"href":"https:\/\/elpueblonoticia.com.ar\/web\/wp-json\/wp\/v2\/posts"}],"about":[{"href":"https:\/\/elpueblonoticia.com.ar\/web\/wp-json\/wp\/v2\/types\/post"}],"author":[{"embeddable":true,"href":"https:\/\/elpueblonoticia.com.ar\/web\/wp-json\/wp\/v2\/users\/2"}],"replies":[{"embeddable":true,"href":"https:\/\/elpueblonoticia.com.ar\/web\/wp-json\/wp\/v2\/comments?post=6804"}],"version-history":[{"count":1,"href":"https:\/\/elpueblonoticia.com.ar\/web\/wp-json\/wp\/v2\/posts\/6804\/revisions"}],"predecessor-version":[{"id":6806,"href":"https:\/\/elpueblonoticia.com.ar\/web\/wp-json\/wp\/v2\/posts\/6804\/revisions\/6806"}],"wp:featuredmedia":[{"embeddable":true,"href":"https:\/\/elpueblonoticia.com.ar\/web\/wp-json\/wp\/v2\/media\/6805"}],"wp:attachment":[{"href":"https:\/\/elpueblonoticia.com.ar\/web\/wp-json\/wp\/v2\/media?parent=6804"}],"wp:term":[{"taxonomy":"category","embeddable":true,"href":"https:\/\/elpueblonoticia.com.ar\/web\/wp-json\/wp\/v2\/categories?post=6804"},{"taxonomy":"post_tag","embeddable":true,"href":"https:\/\/elpueblonoticia.com.ar\/web\/wp-json\/wp\/v2\/tags?post=6804"}],"curies":[{"name":"wp","href":"https:\/\/api.w.org\/{rel}","templated":true}]}}