{"id":6800,"date":"2026-02-10T08:08:16","date_gmt":"2026-02-10T11:08:16","guid":{"rendered":"https:\/\/elpueblonoticia.com.ar\/web\/?p=6800"},"modified":"2026-02-10T08:08:16","modified_gmt":"2026-02-10T11:08:16","slug":"coimas-en-andis-procesaron-a-diego-spagnuolo-el-abogado-de-javier-milei","status":"publish","type":"post","link":"https:\/\/elpueblonoticia.com.ar\/web\/2026\/02\/10\/coimas-en-andis-procesaron-a-diego-spagnuolo-el-abogado-de-javier-milei\/","title":{"rendered":"Coimas en ANDIS: procesaron a Diego Spagnuolo, el abogado de Javier Milei"},"content":{"rendered":"<p><strong>El juez Sebasti\u00e1n Casanello dict\u00f3 la medida contra Diego Spagnuolo y otras 18 personas. Se los acusa de cobrar sobornos, digitar licitaciones y enriquecerse.<\/strong><\/p>\n<p>&nbsp;<\/p>\n<section class=\"detail-body first-paragraph\">\n<section class=\"body-content note-body content-protected-false\" data-twitter-link=\"&lt;a href=\">\n<p data-path-to-node=\"4\">La Justicia federal dio un fuerte golpe a lo que fue la primera gesti\u00f3n de la\u00a0<strong data-path-to-node=\"4\" data-index-in-node=\"78\">Agencia Nacional de Discapacidad (ANDIS)<\/strong>\u00a0bajo el gobierno de Javier Milei. El juez\u00a0<strong data-path-to-node=\"4\" data-index-in-node=\"161\">Sebasti\u00e1n Casanello<\/strong>\u00a0proces\u00f3 este viernes al ex titular del organismo,\u00a0<b>Diego Spagnoulo,<\/b>\u00a0acus\u00e1ndolo de ser uno de los jefes de una asociaci\u00f3n il\u00edcita dedicada a defraudar al Estado.<\/p>\n<\/section>\n<\/section>\n<section class=\"detail-body second-paragraph\">\n<section class=\"body-content note-body content-protected-false\">\n<p data-path-to-node=\"5\">La resoluci\u00f3n judicial alcanza a un total de\u00a0<strong data-path-to-node=\"5\" data-index-in-node=\"45\">19 personas<\/strong>, incluyendo a exfuncionarios, empleados y empresarios vinculados al sector de droguer\u00edas. A Spagnuolo se le imputan los delitos de\u00a0<strong data-path-to-node=\"5\" data-index-in-node=\"188\">cohecho activo (sobornos), fraude al Estado y negociaciones incompatibles con la funci\u00f3n p\u00fablica<\/strong>.<\/p>\n<p>Seg\u00fan el fallo, la investigaci\u00f3n corrobor\u00f3 que durante los primeros meses del actual gobierno se mont\u00f3 un &#8220;n\u00facleo de funcionamiento irregular&#8221; dentro de la ANDIS. El magistrado destac\u00f3 que la agencia fue &#8220;cooptada&#8221; y utilizada como una v\u00eda de enriquecimiento personal mediante\u00a0<strong data-path-to-node=\"6\" data-index-in-node=\"277\">licitaciones digitadas<\/strong>, actuando en detrimento del cuidado de las personas con discapacidad.<\/p>\n<section class=\"detail-body\">\n<section class=\"body-content note-body content-protected-false\">\n<h2 data-path-to-node=\"7\"><strong>Los &#8220;jefes&#8221; de la banda<\/strong><\/h2>\n<p data-path-to-node=\"8\">Adem\u00e1s de Spagnuolo, Casanello se\u00f1al\u00f3 como cabecillas de la organizaci\u00f3n a\u00a0<strong data-path-to-node=\"8\" data-index-in-node=\"75\">Daniel Garbellini<\/strong>, quien se desempe\u00f1aba como n\u00famero dos de la Agencia, y a los particulares\u00a0<strong data-path-to-node=\"8\" data-index-in-node=\"167\">Miguel \u00c1ngel Calvete<\/strong>\u00a0y\u00a0<strong data-path-to-node=\"8\" data-index-in-node=\"190\">Pablo Atchabahian<\/strong>. Seg\u00fan la investigaci\u00f3n, estos \u00faltimos lograban controlar la operatividad de la ANDIS desde el sector privado, imponiendo una l\u00f3gica de intermediaci\u00f3n y sobreprecios en las compras.<\/p>\n<\/section>\n<\/section>\n<section class=\"detail-body\">\n<section class=\"body-content note-body content-protected-false\">\n<p data-path-to-node=\"9\">El juez subray\u00f3 el &#8220;desenfado&#8221; con el que operaba la banda ante las quejas de otros funcionarios y empresarios que quedaban desplazados de los negocios.<\/p>\n<\/section>\n<\/section>\n<section class=\"detail-body\">\n<section class=\"body-content note-body content-protected-false\">\n<h2 data-path-to-node=\"10\"><strong>El origen de la causa y la validez de las pruebas contra Diego Spagnuolo<\/strong><\/h2>\n<p data-path-to-node=\"11\">El expediente se inici\u00f3 en agosto pasado tras una denuncia del abogado Gregorio Dalb\u00f3n, impulsada por reportes period\u00edsticos y la filtraci\u00f3n de audios. Las defensas hab\u00edan solicitado la nulidad de la causa alegando que dichas grabaciones eran de origen il\u00edcito.<\/p>\n<p data-path-to-node=\"12\">Sin embargo, Casanello rechaz\u00f3 el planteo y aclar\u00f3 que el procesamiento\u00a0<strong data-path-to-node=\"12\" data-index-in-node=\"72\">no se basa en los audios filtrados<\/strong>, sino en otras pruebas recolectadas por el fiscal Franco Picardi que demuestran las maniobras de corrupci\u00f3n.<\/p>\n<p data-path-to-node=\"13\">Finalmente, el fallo deja la puerta abierta a nuevas imputaciones. El juez advirti\u00f3 que la investigaci\u00f3n &#8220;no se agota&#8221; en los hechos probados hasta hoy y orden\u00f3 profundizar la pesquisa, sugiriendo que, por el volumen de dinero involucrado, la red de complicidades podr\u00eda extenderse hacia otras \u00e1reas del Estado.<\/p>\n<\/section>\n<\/section>\n<\/section>\n<\/section>\n","protected":false},"excerpt":{"rendered":"<p>El juez Sebasti\u00e1n Casanello dict\u00f3 la medida contra Diego Spagnuolo y otras 18 personas. Se los acusa de cobrar sobornos, digitar licitaciones y enriquecerse. &nbsp; La Justicia federal dio un fuerte golpe a lo que fue la primera gesti\u00f3n de la\u00a0Agencia Nacional de Discapacidad (ANDIS)\u00a0bajo el gobierno de Javier Milei. El juez\u00a0Sebasti\u00e1n Casanello\u00a0proces\u00f3 este viernes [&hellip;]<\/p>\n","protected":false},"author":2,"featured_media":6801,"comment_status":"open","ping_status":"open","sticky":false,"template":"","format":"standard","meta":{"footnotes":""},"categories":[78],"tags":[],"class_list":{"0":"post-6800","1":"post","2":"type-post","3":"status-publish","4":"format-standard","5":"has-post-thumbnail","7":"category-generales"},"_links":{"self":[{"href":"https:\/\/elpueblonoticia.com.ar\/web\/wp-json\/wp\/v2\/posts\/6800","targetHints":{"allow":["GET"]}}],"collection":[{"href":"https:\/\/elpueblonoticia.com.ar\/web\/wp-json\/wp\/v2\/posts"}],"about":[{"href":"https:\/\/elpueblonoticia.com.ar\/web\/wp-json\/wp\/v2\/types\/post"}],"author":[{"embeddable":true,"href":"https:\/\/elpueblonoticia.com.ar\/web\/wp-json\/wp\/v2\/users\/2"}],"replies":[{"embeddable":true,"href":"https:\/\/elpueblonoticia.com.ar\/web\/wp-json\/wp\/v2\/comments?post=6800"}],"version-history":[{"count":1,"href":"https:\/\/elpueblonoticia.com.ar\/web\/wp-json\/wp\/v2\/posts\/6800\/revisions"}],"predecessor-version":[{"id":6802,"href":"https:\/\/elpueblonoticia.com.ar\/web\/wp-json\/wp\/v2\/posts\/6800\/revisions\/6802"}],"wp:featuredmedia":[{"embeddable":true,"href":"https:\/\/elpueblonoticia.com.ar\/web\/wp-json\/wp\/v2\/media\/6801"}],"wp:attachment":[{"href":"https:\/\/elpueblonoticia.com.ar\/web\/wp-json\/wp\/v2\/media?parent=6800"}],"wp:term":[{"taxonomy":"category","embeddable":true,"href":"https:\/\/elpueblonoticia.com.ar\/web\/wp-json\/wp\/v2\/categories?post=6800"},{"taxonomy":"post_tag","embeddable":true,"href":"https:\/\/elpueblonoticia.com.ar\/web\/wp-json\/wp\/v2\/tags?post=6800"}],"curies":[{"name":"wp","href":"https:\/\/api.w.org\/{rel}","templated":true}]}}