{"id":6791,"date":"2026-02-10T07:38:49","date_gmt":"2026-02-10T10:38:49","guid":{"rendered":"https:\/\/elpueblonoticia.com.ar\/web\/?p=6791"},"modified":"2026-02-10T07:38:49","modified_gmt":"2026-02-10T10:38:49","slug":"el-gobernador-valdes-visita-lavalle-con-inauguraciones-y-el-acto-central-por-el-163-aniversario","status":"publish","type":"post","link":"https:\/\/elpueblonoticia.com.ar\/web\/2026\/02\/10\/el-gobernador-valdes-visita-lavalle-con-inauguraciones-y-el-acto-central-por-el-163-aniversario\/","title":{"rendered":"EL GOBERNADOR VALD\u00c9S VISITA LAVALLE CON INAUGURACIONES Y EL ACTO CENTRAL POR EL 163\u00b0 ANIVERSARIO"},"content":{"rendered":"<p><strong>Este martes 10 de febrero, el gobernador de la provincia de Corrientes, doctor Juan Pablo Vald\u00e9s, visitar\u00e1 la localidad de Lavalle, donde encabezar\u00e1 inauguraciones de obras y participar\u00e1 del acto central en conmemoraci\u00f3n del 163\u00b0 aniversario de la fundaci\u00f3n de la comunidad.<\/strong><\/p>\n<p>Las actividades oficiales dar\u00e1n inicio a las 18 horas con la inauguraci\u00f3n del Predio Ferial de la Sociedad Rural de Lavalle. El nuevo espacio se encuentra ubicado sobre Ruta Provincial N\u00b0 27, a la altura del PRIAR.<\/p>\n<p>Posteriormente, a las 18:45 horas, el mandatario provincial dejar\u00e1 habilitado el Centro de Atenci\u00f3n Primaria de la Salud (CAPS) \u201cDr. Pablo Sebasti\u00e1n Gauna\u201d, situado en el Paraje Puerto Viejo.<\/p>\n<p>Finalmente, a las 19:15 horas, el gobernador Vald\u00e9s participar\u00e1 del Acto Central en conmemoraci\u00f3n al 163\u00b0 aniversario de la fundaci\u00f3n de Lavalle, que se desarrollar\u00e1 en la Plaza General Lavalle.<\/p>\n<p>CRONOGRAMA:<\/p>\n<p>18:00 horas: inauguraci\u00f3n del Predio Ferial de la Sociedad Rural de Lavalle.<\/p>\n<p>Lugar: ruta Provincial N\u00b0 27, al lado del Priar<\/p>\n<p>18:45 horas: inauguraci\u00f3n del CAPS \u201cDr. Pablo Sebasti\u00e1n Gauna\u201d<\/p>\n<p>Lugar: Paraje \u201cPuerto Viejo\u201d<\/p>\n<p>19:15 horas: Acto Central en Conmemoraci\u00f3n al 163\u00b0 Aniversario de su Fundaci\u00f3n.<\/p>\n<p>Lugar: \u201cPlaza General Lavalle\u201d<\/p>\n<p>Direcci\u00f3n de Prensa \u2013 Municipalidad de Goya.<\/p>\n","protected":false},"excerpt":{"rendered":"<p>Este martes 10 de febrero, el gobernador de la provincia de Corrientes, doctor Juan Pablo Vald\u00e9s, visitar\u00e1 la localidad de Lavalle, donde encabezar\u00e1 inauguraciones de obras y participar\u00e1 del acto central en conmemoraci\u00f3n del 163\u00b0 aniversario de la fundaci\u00f3n de la comunidad. Las actividades oficiales dar\u00e1n inicio a las 18 horas con la inauguraci\u00f3n del [&hellip;]<\/p>\n","protected":false},"author":2,"featured_media":6792,"comment_status":"open","ping_status":"open","sticky":false,"template":"","format":"standard","meta":{"footnotes":""},"categories":[78],"tags":[],"class_list":{"0":"post-6791","1":"post","2":"type-post","3":"status-publish","4":"format-standard","5":"has-post-thumbnail","7":"category-generales"},"_links":{"self":[{"href":"https:\/\/elpueblonoticia.com.ar\/web\/wp-json\/wp\/v2\/posts\/6791","targetHints":{"allow":["GET"]}}],"collection":[{"href":"https:\/\/elpueblonoticia.com.ar\/web\/wp-json\/wp\/v2\/posts"}],"about":[{"href":"https:\/\/elpueblonoticia.com.ar\/web\/wp-json\/wp\/v2\/types\/post"}],"author":[{"embeddable":true,"href":"https:\/\/elpueblonoticia.com.ar\/web\/wp-json\/wp\/v2\/users\/2"}],"replies":[{"embeddable":true,"href":"https:\/\/elpueblonoticia.com.ar\/web\/wp-json\/wp\/v2\/comments?post=6791"}],"version-history":[{"count":1,"href":"https:\/\/elpueblonoticia.com.ar\/web\/wp-json\/wp\/v2\/posts\/6791\/revisions"}],"predecessor-version":[{"id":6793,"href":"https:\/\/elpueblonoticia.com.ar\/web\/wp-json\/wp\/v2\/posts\/6791\/revisions\/6793"}],"wp:featuredmedia":[{"embeddable":true,"href":"https:\/\/elpueblonoticia.com.ar\/web\/wp-json\/wp\/v2\/media\/6792"}],"wp:attachment":[{"href":"https:\/\/elpueblonoticia.com.ar\/web\/wp-json\/wp\/v2\/media?parent=6791"}],"wp:term":[{"taxonomy":"category","embeddable":true,"href":"https:\/\/elpueblonoticia.com.ar\/web\/wp-json\/wp\/v2\/categories?post=6791"},{"taxonomy":"post_tag","embeddable":true,"href":"https:\/\/elpueblonoticia.com.ar\/web\/wp-json\/wp\/v2\/tags?post=6791"}],"curies":[{"name":"wp","href":"https:\/\/api.w.org\/{rel}","templated":true}]}}