{"id":6785,"date":"2026-02-09T12:30:30","date_gmt":"2026-02-09T15:30:30","guid":{"rendered":"https:\/\/elpueblonoticia.com.ar\/web\/?p=6785"},"modified":"2026-02-09T12:30:30","modified_gmt":"2026-02-09T15:30:30","slug":"insultos-a-milei-en-la-fiesta-nacional-del-mate-la-crisis-yerbatera-llego-al-escenario-en-parana","status":"publish","type":"post","link":"https:\/\/elpueblonoticia.com.ar\/web\/2026\/02\/09\/insultos-a-milei-en-la-fiesta-nacional-del-mate-la-crisis-yerbatera-llego-al-escenario-en-parana\/","title":{"rendered":"Insultos a Milei en la Fiesta Nacional del Mate: la crisis yerbatera lleg\u00f3 al escenario en Paran\u00e1"},"content":{"rendered":"<p>Un cartel que portaba un espectador le\u00eddo en vivo se viraliz\u00f3 y reflej\u00f3 el malestar del sector por la ca\u00edda de precios y el impacto en productores y el empleo rural.<\/p>\n<p>La 35\u00b0 Fiesta Nacional del Mate, en Paran\u00e1, qued\u00f3 atravesada por la pol\u00e9mica tras un episodio en pleno escenario. Durante la conducci\u00f3n del espect\u00e1culo, la periodista Sonia Fern\u00e1ndez ley\u00f3 un cartel del p\u00fablico con un insulto al presidente Javier Milei. La escena, transmitida en vivo, gener\u00f3 aplausos, se viraliz\u00f3 en redes sociales y termin\u00f3 reflejando el malestar que atraviesa al sector yerbatero en medio de los cambios regulatorios impulsados por el Gobierno.<\/p>\n<div class=\"embed-responsive embed-responsive-16by9 iframeContainer\"><iframe loading=\"lazy\" id=\"vrudo\" class=\"vrudo\" title=\"Contenido embebido\" src=\"https:\/\/rudo.video\/vod\/bVPiLX?volume=0\" width=\"100%\" height=\"100%\" frameborder=\"0\" scrolling=\"no\" allowfullscreen=\"allowfullscreen\" data-mce-fragment=\"1\"><\/iframe><\/div>\n<p>El episodio ocurri\u00f3 cuando la conductora interactuaba con la platea. Dud\u00f3 unos segundos, pregunt\u00f3 si no la censurar\u00edan y termin\u00f3 leyendo la pancarta. Al advertir el contenido, intent\u00f3 bajar la tensi\u00f3n: \u201cMir\u00e1 las cosas que me hacen decir. Se nos descontrol\u00f3 todo\u201d. Y finalmente ley\u00f3 la pancarta: \u201cMilei, la con&#8230; de tu madre\u201d.<\/p>\n<p>La reacci\u00f3n del p\u00fablico \u2014ovaci\u00f3n incluida\u2014 termin\u00f3 de convertir el momento en una postal pol\u00edtica inesperada dentro de una fiesta popular.<\/p>\n<p>El hecho coincidi\u00f3 con la profundizaci\u00f3n del conflicto por la desregulaci\u00f3n del mercado de la yerba mate, acelerada tras el DNU 70\/2023 y consolidada luego con el decreto que quit\u00f3 al Instituto Nacional de la Yerba Mate (INYM) la facultad de fijar precios, ordenar cosechas y equilibrar la producci\u00f3n.<\/p>\n<p>Sin el llamado \u201cprecio sost\u00e9n\u201d, el organismo perdi\u00f3 la herramienta que hist\u00f3ricamente funcionaba como referencia para miles de peque\u00f1os productores frente a grandes molinos y secaderos.<\/p>\n<p>La postura oficial, impulsada por el Ministerio de Desregulaci\u00f3n, sostiene que el INYM operaba como una forma de \u201ccartelizaci\u00f3n estatal\u201d y busca reconvertirlo en un ente de certificaci\u00f3n de calidad. En el sector productivo, en cambio, advierten que la medida cambi\u00f3 la relaci\u00f3n de fuerzas dentro de la cadena.<\/p>\n<p>En un documento presentado en el \u00e1mbito del RENATRE, el director del organismo y representante de CONINAGRO, Roberto Buser, describi\u00f3 el impacto inmediato: \u201cEn apenas tres o cuatro meses desde la entrada en vigencia del DNU pasamos a cobrar alrededor de un 30% menos por la misma producci\u00f3n\u201d.<br \/>\nSeg\u00fan ese mismo informe, la ca\u00edda se profundiza al mirar el mediano plazo: \u201cHoy recibimos menos del 50% de lo que cobr\u00e1bamos por igual volumen de hoja de yerba mate\u201d.<\/p>\n<p>El problema, sostiene, no se traslad\u00f3 al consumidor sino a la distribuci\u00f3n interna de la renta. \u201cQuedamos obligados a aceptar los valores impuestos por los grandes compradores, profundizando una desigualdad estructural dentro del sector yerbatero\u201d.<\/p>\n<p>La concentraci\u00f3n explica parte del fen\u00f3meno: cerca del 80% de la comercializaci\u00f3n est\u00e1 en manos de cinco empresas. La eliminaci\u00f3n del precio de referencia dej\u00f3 a peque\u00f1os colonos sin capacidad de negociaci\u00f3n frente a compradores concentrados y gener\u00f3 un impacto directo en el empleo rural.<\/p>\n<p>La baja del precio en origen impact\u00f3 de lleno en el empleo rural: con costos laborales que representan cerca del 67% de la actividad, muchos productores redujeron contrataci\u00f3n o recurrieron a esquemas informales, debilitando la registraci\u00f3n y la cobertura social de los trabajadores.<\/p>\n<p>Dirigentes yerbateros recuerdan que el escenario replica procesos de los a\u00f1os 90, cuando la desregulaci\u00f3n provoc\u00f3 sobreoferta, ca\u00edda de precios y concentraci\u00f3n econ\u00f3mica. El INYM hab\u00eda sido creado en 2002 justamente para evitar ese ciclo.<\/p>\n<p>Adem\u00e1s, el propio instituto hab\u00eda detectado m\u00e1s de 30 mil hect\u00e1reas nuevas de plantaciones a\u00fan no productivas. Sin regulaci\u00f3n de expansi\u00f3n, su ingreso simult\u00e1neo al mercado podr\u00eda profundizar la baja de precios en origen.<\/p>\n<p>El dirigente Jon\u00e1s Peterson, de la Asociaci\u00f3n Civil de Productores Yerbateros del Norte, sostuvo que la normativa \u201celimina por completo el cap\u00edtulo de fijaci\u00f3n de precios\u201d y tambi\u00e9n impide establecer calendarios de cosecha para evitar sobreproducci\u00f3n. \u201cA la larga nos va a ocasionar un da\u00f1o enorme\u201d, alert\u00f3.<\/p>\n","protected":false},"excerpt":{"rendered":"<p>Un cartel que portaba un espectador le\u00eddo en vivo se viraliz\u00f3 y reflej\u00f3 el malestar del sector por la ca\u00edda de precios y el impacto en productores y el empleo rural. La 35\u00b0 Fiesta Nacional del Mate, en Paran\u00e1, qued\u00f3 atravesada por la pol\u00e9mica tras un episodio en pleno escenario. Durante la conducci\u00f3n del espect\u00e1culo, [&hellip;]<\/p>\n","protected":false},"author":2,"featured_media":6786,"comment_status":"open","ping_status":"open","sticky":false,"template":"","format":"standard","meta":{"footnotes":""},"categories":[66],"tags":[],"class_list":{"0":"post-6785","1":"post","2":"type-post","3":"status-publish","4":"format-standard","5":"has-post-thumbnail","7":"category-politica-nacionales"},"_links":{"self":[{"href":"https:\/\/elpueblonoticia.com.ar\/web\/wp-json\/wp\/v2\/posts\/6785","targetHints":{"allow":["GET"]}}],"collection":[{"href":"https:\/\/elpueblonoticia.com.ar\/web\/wp-json\/wp\/v2\/posts"}],"about":[{"href":"https:\/\/elpueblonoticia.com.ar\/web\/wp-json\/wp\/v2\/types\/post"}],"author":[{"embeddable":true,"href":"https:\/\/elpueblonoticia.com.ar\/web\/wp-json\/wp\/v2\/users\/2"}],"replies":[{"embeddable":true,"href":"https:\/\/elpueblonoticia.com.ar\/web\/wp-json\/wp\/v2\/comments?post=6785"}],"version-history":[{"count":1,"href":"https:\/\/elpueblonoticia.com.ar\/web\/wp-json\/wp\/v2\/posts\/6785\/revisions"}],"predecessor-version":[{"id":6787,"href":"https:\/\/elpueblonoticia.com.ar\/web\/wp-json\/wp\/v2\/posts\/6785\/revisions\/6787"}],"wp:featuredmedia":[{"embeddable":true,"href":"https:\/\/elpueblonoticia.com.ar\/web\/wp-json\/wp\/v2\/media\/6786"}],"wp:attachment":[{"href":"https:\/\/elpueblonoticia.com.ar\/web\/wp-json\/wp\/v2\/media?parent=6785"}],"wp:term":[{"taxonomy":"category","embeddable":true,"href":"https:\/\/elpueblonoticia.com.ar\/web\/wp-json\/wp\/v2\/categories?post=6785"},{"taxonomy":"post_tag","embeddable":true,"href":"https:\/\/elpueblonoticia.com.ar\/web\/wp-json\/wp\/v2\/tags?post=6785"}],"curies":[{"name":"wp","href":"https:\/\/api.w.org\/{rel}","templated":true}]}}